{"id":97433,"date":"2025-07-17T13:15:03","date_gmt":"2025-07-17T13:15:03","guid":{"rendered":"https:\/\/estado29.mx\/?p=97433"},"modified":"2025-08-01T00:48:55","modified_gmt":"2025-08-01T00:48:55","slug":"restablecen-servicio-en-matriz-de-modulo-medico-tras-intensas-lluvias","status":"publish","type":"post","link":"https:\/\/estado29.mx\/?p=97433","title":{"rendered":"Restablecen servicio en matriz de m\u00f3dulo m\u00e9dico tras intensas lluvias"},"content":{"rendered":"\n<p><\/p>\n\n\n\n<p>*Brigadas de mantenimiento realizaron trabajos continuos durante la noche y la madrugada para recuperar las condiciones \u00f3ptimas del m\u00f3dulo<\/p>\n\n\n\n<p>El Gobierno del Estado informa que la matriz del M\u00f3dulo M\u00e9dico, ubicado en el municipio de Chiautempan, restableci\u00f3 esta ma\u00f1ana el servicio de atenci\u00f3n a trabajadores estatales, luego de realizar labores de limpieza y rehabilitaci\u00f3n de los espacios afectados por la intensa lluvia de ayer.<\/p>\n\n\n\n<p>Las instalaciones sufrieron afectaciones derivadas de la acumulaci\u00f3n de agua, lo que oblig\u00f3 a suspender temporalmente la atenci\u00f3n.<\/p>\n\n\n\n<p>Brigadas de mantenimiento realizaron trabajos continuos durante la noche y la madrugada para recuperar las condiciones \u00f3ptimas del m\u00f3dulo.<\/p>\n\n\n\n<p>Las acciones incluyeron limpieza profunda, revisi\u00f3n de sistemas el\u00e9ctricos, desinfecci\u00f3n de \u00e1reas comunes, reparaci\u00f3n de plafones y rehabilitaci\u00f3n de espacios, entre otros, con el objetivo de garantizar un entorno seguro para quienes acuden a recibir atenci\u00f3n m\u00e9dica.<\/p>\n\n\n\n<p>La administraci\u00f3n estatal garantiza la atenci\u00f3n para los trabajadores del estado, quienes acuden regularmente a este espacio para su atenci\u00f3n m\u00e9dica.<\/p>\n","protected":false},"excerpt":{"rendered":"<p>*Brigadas de mantenimiento realizaron trabajos continuos durante la noche y la madrugada para recuperar las condiciones \u00f3ptimas del m\u00f3dulo El Gobierno del Estado informa que la matriz del M\u00f3dulo M\u00e9dico, ubicado en el municipio de Chiautempan, restableci\u00f3 esta ma\u00f1ana el servicio de atenci\u00f3n a trabajadores estatales, luego de realizar labores de limpieza y rehabilitaci\u00f3n de [&hellip;]<\/p>\n","protected":false},"author":4,"featured_media":97434,"comment_status":"open","ping_status":"open","sticky":false,"template":"","format":"standard","meta":{"om_disable_all_campaigns":false,"_monsterinsights_skip_tracking":false,"_monsterinsights_sitenote_active":false,"_monsterinsights_sitenote_note":"","_monsterinsights_sitenote_category":0,"jnews-multi-image_gallery":[],"jnews_single_post":{"format":"standard"},"jnews_primary_category":[],"footnotes":""},"categories":[1],"tags":[],"class_list":["post-97433","post","type-post","status-publish","format-standard","has-post-thumbnail","hentry","category-uncategorized"],"aioseo_notices":[],"_links":{"self":[{"href":"https:\/\/estado29.mx\/index.php?rest_route=\/wp\/v2\/posts\/97433","targetHints":{"allow":["GET"]}}],"collection":[{"href":"https:\/\/estado29.mx\/index.php?rest_route=\/wp\/v2\/posts"}],"about":[{"href":"https:\/\/estado29.mx\/index.php?rest_route=\/wp\/v2\/types\/post"}],"author":[{"embeddable":true,"href":"https:\/\/estado29.mx\/index.php?rest_route=\/wp\/v2\/users\/4"}],"replies":[{"embeddable":true,"href":"https:\/\/estado29.mx\/index.php?rest_route=%2Fwp%2Fv2%2Fcomments&post=97433"}],"version-history":[{"count":1,"href":"https:\/\/estado29.mx\/index.php?rest_route=\/wp\/v2\/posts\/97433\/revisions"}],"predecessor-version":[{"id":97435,"href":"https:\/\/estado29.mx\/index.php?rest_route=\/wp\/v2\/posts\/97433\/revisions\/97435"}],"wp:featuredmedia":[{"embeddable":true,"href":"https:\/\/estado29.mx\/index.php?rest_route=\/wp\/v2\/media\/97434"}],"wp:attachment":[{"href":"https:\/\/estado29.mx\/index.php?rest_route=%2Fwp%2Fv2%2Fmedia&parent=97433"}],"wp:term":[{"taxonomy":"category","embeddable":true,"href":"https:\/\/estado29.mx\/index.php?rest_route=%2Fwp%2Fv2%2Fcategories&post=97433"},{"taxonomy":"post_tag","embeddable":true,"href":"https:\/\/estado29.mx\/index.php?rest_route=%2Fwp%2Fv2%2Ftags&post=97433"}],"curies":[{"name":"wp","href":"https:\/\/api.w.org\/{rel}","templated":true}]}}