{"id":97437,"date":"2025-07-17T13:16:46","date_gmt":"2025-07-17T13:16:46","guid":{"rendered":"https:\/\/estado29.mx\/?p=97437"},"modified":"2025-08-01T00:48:52","modified_gmt":"2025-08-01T00:48:52","slug":"realiza-escuela-secundaria-tecnica-43-libertad-su-clausura-del-ciclo-escolar","status":"publish","type":"post","link":"https:\/\/estado29.mx\/?p=97437","title":{"rendered":"Realiza Escuela Secundaria T\u00e9cnica 43 &#8220;Libertad&#8221; su clausura del ciclo escolar."},"content":{"rendered":"\n<p>Como parte de las actividades que marca la normatividad de la Unidad de Servicios Educativos de Tlaxcala (USET) la Escuela T\u00e9cnica 43 &#8220;Libertad&#8221;, ubicada en el pueblo de Jes\u00fas municipio de Huamantla, realiz\u00f3 su clausura del ciclo escolar 2024-2025.<br>La ceremonia se efectu\u00f3 en la cancha deportiva de la escuela y estuvo presidida por autoridades educativas, docentes, padres de familia y la representante del Presidente Municipal de Huamantla, Salvador Santos Cedillo, padrino de la generaci\u00f3n.<\/p>\n\n\n\n<p>Durante la ceremonia, se llevaron a cabo diversos protocolos, entre los que destac\u00f3 el cambio de escolta, s\u00edmbolo de la transici\u00f3n de responsabilidades hacia las nuevas generaciones. Asimismo, los estudiantes presentaron n\u00fameros art\u00edsticos que reflejaron el talento y la creatividad de la comunidad estudiantil, entre ellos la cantante y exalaumna de la escuela Vania Alemelek Morales Zamora, interpretaci\u00f3n de viol\u00edn por Jazmin Ugarte Montiel.<\/p>\n\n\n\n<p>Uno de los momentos m\u00e1s emotivos fue la entrega de reconocimientos a los alumnos m\u00e1s destacados por su excelente aprovechamiento acad\u00e9mico destacando Ian Jireh Santos Govea y Jazm\u00edn Ugarte Montiel, ambos con promedio de diez; adem\u00e1s en representaci\u00f3n de la selecci\u00f3n femenil de bal\u00f3n mano (handball) la alumna Jade Corina Reyes de la Cruz asesorados por su instructor Jes\u00fas Ortega L\u00f3pez recibieron la ovaci\u00f3n de los asistentes.<\/p>\n\n\n\n<p>En su mensaje, la representante del Presidente Municipal y oficial del Registro Civil, Magdalena Carmona L\u00f3pez, felicit\u00f3 a los 57 j\u00f3venes egresados y realiz\u00f3 la entrega simb\u00f3lica de documentos y un obsequio por parte del Alcalde de Huamantla y los exhort\u00f3 a continuar prepar\u00e1ndose para alcanzar sus metas. &#8220;Hoy cierran una etapa, pero inician un nuevo camino lleno de oportunidades. Huamantla cuenta con j\u00f3venes talentosos que ser\u00e1n el futuro de nuestro municipio&#8221;, expres\u00f3.<\/p>\n\n\n\n<p>Por su parte, el director de la instituci\u00f3n Miguel Rosas Mu\u00f1oz ofreci\u00f3 la bienvenida y agradeci\u00f3 el apoyo del presidente Chava Santos, autoridades educativas y de comunidad, docentes y padres de familia, y reiter\u00f3 el compromiso de la escuela por seguir formando estudiantes con valores y conocimientos que contribuyan al desarrollo de la sociedad.<br>El \u00faltimo pase de lista fue realizado por los docentes Erika Suarez Cruz y Jorge Alberto Lira Huerta, asesores de los grupos A y B, distinguidos profesores de ingl\u00e9s e inform\u00e1tica, respectivamente.<\/p>\n\n\n\n<p>La ceremonia concluy\u00f3 con una demostraci\u00f3n de la banda de guerra de la instituci\u00f3n y la entonaci\u00f3n del himno a secundarias t\u00e9cnicas.<br>En el programa de clausura estuvieron presentes V\u00edctor Salda\u00f1a Mart\u00ednez, presidente de comunidad del Pueblo de Jes\u00fas; Ver\u00f3nica S\u00e1nchez Gracia, directora de la Esc. Sec. Tec. 44 de Santa Anita en representaci\u00f3n del supervisor de la zona 4 de secundarias t\u00e9cnicas, Ram\u00f3n P\u00e9rez Sanchez; Jes\u00fas B\u00e1ez Reina, en representaci\u00f3n de la titular del m\u00f3dulo de regional de la USET en Huamantla; Alejandra Santos Gobea y J. Encarnaci\u00f3n Hern\u00e1ndez, presidenta y tesorero respectivamente del Comit\u00e9 de padres de familia; Alberto Hern\u00e1ndez Gallardo, director de la Esc. Sec. Tec. 19 de Tequexquitla; Jazm\u00edn Mart\u00ednez Cuevas, presidente del comit\u00e9 pro generaci\u00f3n 2022-2025; Andrea Castro Garc\u00eda, representante del centro de trabajo 23 del Sindicato Nacional de Trabajadores de la Educaci\u00f3n.<\/p>\n","protected":false},"excerpt":{"rendered":"<p>Como parte de las actividades que marca la normatividad de la Unidad de Servicios Educativos de Tlaxcala (USET) la Escuela T\u00e9cnica 43 &#8220;Libertad&#8221;, ubicada en el pueblo de Jes\u00fas municipio de Huamantla, realiz\u00f3 su clausura del ciclo escolar 2024-2025.La ceremonia se efectu\u00f3 en la cancha deportiva de la escuela y estuvo presidida por autoridades educativas, [&hellip;]<\/p>\n","protected":false},"author":5,"featured_media":97438,"comment_status":"open","ping_status":"open","sticky":false,"template":"","format":"standard","meta":{"om_disable_all_campaigns":false,"_monsterinsights_skip_tracking":false,"_monsterinsights_sitenote_active":false,"_monsterinsights_sitenote_note":"","_monsterinsights_sitenote_category":0,"jnews-multi-image_gallery":[],"jnews_single_post":{"format":"standard"},"jnews_primary_category":[],"footnotes":""},"categories":[1],"tags":[],"class_list":["post-97437","post","type-post","status-publish","format-standard","has-post-thumbnail","hentry","category-uncategorized"],"aioseo_notices":[],"_links":{"self":[{"href":"https:\/\/estado29.mx\/index.php?rest_route=\/wp\/v2\/posts\/97437","targetHints":{"allow":["GET"]}}],"collection":[{"href":"https:\/\/estado29.mx\/index.php?rest_route=\/wp\/v2\/posts"}],"about":[{"href":"https:\/\/estado29.mx\/index.php?rest_route=\/wp\/v2\/types\/post"}],"author":[{"embeddable":true,"href":"https:\/\/estado29.mx\/index.php?rest_route=\/wp\/v2\/users\/5"}],"replies":[{"embeddable":true,"href":"https:\/\/estado29.mx\/index.php?rest_route=%2Fwp%2Fv2%2Fcomments&post=97437"}],"version-history":[{"count":1,"href":"https:\/\/estado29.mx\/index.php?rest_route=\/wp\/v2\/posts\/97437\/revisions"}],"predecessor-version":[{"id":97439,"href":"https:\/\/estado29.mx\/index.php?rest_route=\/wp\/v2\/posts\/97437\/revisions\/97439"}],"wp:featuredmedia":[{"embeddable":true,"href":"https:\/\/estado29.mx\/index.php?rest_route=\/wp\/v2\/media\/97438"}],"wp:attachment":[{"href":"https:\/\/estado29.mx\/index.php?rest_route=%2Fwp%2Fv2%2Fmedia&parent=97437"}],"wp:term":[{"taxonomy":"category","embeddable":true,"href":"https:\/\/estado29.mx\/index.php?rest_route=%2Fwp%2Fv2%2Fcategories&post=97437"},{"taxonomy":"post_tag","embeddable":true,"href":"https:\/\/estado29.mx\/index.php?rest_route=%2Fwp%2Fv2%2Ftags&post=97437"}],"curies":[{"name":"wp","href":"https:\/\/api.w.org\/{rel}","templated":true}]}}