{"id":97445,"date":"2025-07-17T13:23:22","date_gmt":"2025-07-17T13:23:22","guid":{"rendered":"https:\/\/estado29.mx\/?p=97445"},"modified":"2025-08-01T00:48:40","modified_gmt":"2025-08-01T00:48:40","slug":"pone-en-marcha-gobernadora-lorena-cuellar-nueva-oferta-educativa-del-icatlax-para-la-formacion-laboral","status":"publish","type":"post","link":"https:\/\/estado29.mx\/?p=97445","title":{"rendered":"Pone en marcha gobernadora Lorena Cu\u00e9llar nueva oferta educativa del ICATLAX para la formaci\u00f3n laboral"},"content":{"rendered":"\n<p><\/p>\n\n\n\n<p>*Con un enfoque innovador, a trav\u00e9s de 28 escuelas, esta estrategia integral busca responder a las nuevas demandas del mercado, fortalecer el autoempleo e impulsar el emprendimiento en la entidad<\/p>\n\n\n\n<p>La gobernadora Lorena Cu\u00e9llar Cisneros encabez\u00f3 la puesta en marcha de las 28 escuelas especializadas del Instituto de Capacitaci\u00f3n para el Trabajo (Icatlax), una estrategia educativa integral que busca responder a las nuevas demandas del mercado, fortalecer el autoempleo e impulsar el emprendimiento en la entidad.<\/p>\n\n\n\n<p>\u201cQueremos que nuestros j\u00f3venes aprendan, se capaciten, pero adem\u00e1s est\u00e9n preparados para poder entrar a trabajar a las nuevas oportunidades\u201d, afirm\u00f3 la mandataria estatal.<\/p>\n\n\n\n<p>En el Centro de Convenciones, la titular del Ejecutivo record\u00f3 que, como parte de las pol\u00edticas en materia econ\u00f3mica emprendidas en su gobierno, el municipio de Huamantla contar\u00e1 con uno de los 11 Polos de Desarrollo para el Bienestar autorizados por el gobierno federal encabezado por Claudia Sheinbaum Pardo, lo cual impulsar\u00e1 el crecimiento y la generaci\u00f3n de empleos en la regi\u00f3n mediante la atracci\u00f3n de inversiones nacionales y extranjeras.<\/p>\n\n\n\n<p>\u201cLlegar\u00e1n nuevas empresas, y ah\u00ed nos est\u00e1 ayudando Javier Marroqu\u00edn, porque quiero decirles que todav\u00eda no lo abrimos y ya el 60 por ciento del espacio tiene intenci\u00f3n de ser ocupado por empresas que quieren instalarse en Tlaxcala, porque Tlaxcala est\u00e1 de moda\u201d, puntualiz\u00f3 la gobernadora, al destacar que la entidad es ejemplo nacional en diversos rubros.<\/p>\n\n\n\n<p>Refrend\u00f3 el compromiso de su administraci\u00f3n de continuar invirtiendo en acciones que permitan consolidar especialidades del Icatlax en \u00e1reas t\u00e9cnicas de alta demanda como mecatr\u00f3nica, soldadura, electricidad, idiomas, estilismo, alimentos y dise\u00f1o de modas, as\u00ed como en \u00e1reas de alta tecnolog\u00eda requeridas en la actualidad por industrias, especialmente del sector automotriz.<\/p>\n\n\n\n<p>Por su parte, el director general del Icatlax, Juan Javier Potrero Tizamitl, resalt\u00f3 que, despu\u00e9s de m\u00e1s de 30 a\u00f1os de no tener cambios en los programas educativos, gracias al liderazgo de Cu\u00e9llar Cisneros, hoy el Instituto responde a las nuevas necesidades en la formaci\u00f3n t\u00e9cnica y profesional, para proveer de talento humano con el conocimiento, las aptitudes y competencias que demandan los sectores productivos en la entidad.<\/p>\n\n\n\n<p>\u201cDesde luego que era necesario equiparnos, expandirnos, sistematizar, digitalizar procesos internos, pero faltaba reinventarnos con el cambio de contenidos en nuestros programas de estudio, haci\u00e9ndolos m\u00e1s atractivos, m\u00e1s pr\u00e1cticos, m\u00e1s vers\u00e1tiles, perceptibles, adaptables y en sincron\u00eda con las nuevas exigencias del aprendizaje y de la tecnolog\u00eda. Una ruta que nunca m\u00e1s debe detenerse\u201d, puntualiz\u00f3.<\/p>\n\n\n\n<p>Coment\u00f3 que esta estrategia complementa las 34 especialidades y m\u00e1s de 200 cursos de extensi\u00f3n que imparte el Instituto en el estado, gracias a la firma de convenios en 58 de los 60 municipios de la entidad.<\/p>\n\n\n\n<p>Durante el evento, la mandataria estatal realiz\u00f3 un recorrido por los m\u00f3dulos de las escuelas correspondientes a las nuevas especialidades en conducci\u00f3n vehicular, mantenimiento del hogar, energ\u00eda en el hogar,&nbsp; de carpinter\u00eda, de herrer\u00eda y balconer\u00eda, agricultura regenerativa, soldadura industrial, tecnolog\u00edas industriales, escuela de dise\u00f1o digital, de laboratorio Lot 4.0, as\u00ed como la escuela para adultos mayores, gimnasia cerebral y actividades creativas, bienestar personal y desarrollo docente.<\/p>\n\n\n\n<p>Al evento asistieron los secretarios del Trabajo y Competitividad (STyC), No\u00e9 Islas Altamirano; de Desarrollo Econ\u00f3mico (Sedeco), Javier Marroqu\u00edn Calder\u00f3n; el titular del Instituto Tlaxcalteca de Infraestructura F\u00edsica Educativa (Itife), Sergio S\u00e1nchez Ram\u00edrez; la diputada local Gabriela Hern\u00e1ndez Islas, legisladores, funcionarios, presidentes municipales, instructores y alumnos del instituto.<\/p>\n","protected":false},"excerpt":{"rendered":"<p>*Con un enfoque innovador, a trav\u00e9s de 28 escuelas, esta estrategia integral busca responder a las nuevas demandas del mercado, fortalecer el autoempleo e impulsar el emprendimiento en la entidad La gobernadora Lorena Cu\u00e9llar Cisneros encabez\u00f3 la puesta en marcha de las 28 escuelas especializadas del Instituto de Capacitaci\u00f3n para el Trabajo (Icatlax), una estrategia [&hellip;]<\/p>\n","protected":false},"author":4,"featured_media":97446,"comment_status":"open","ping_status":"open","sticky":false,"template":"","format":"standard","meta":{"om_disable_all_campaigns":false,"_monsterinsights_skip_tracking":false,"_monsterinsights_sitenote_active":false,"_monsterinsights_sitenote_note":"","_monsterinsights_sitenote_category":0,"jnews-multi-image_gallery":[],"jnews_single_post":{"format":"standard"},"jnews_primary_category":[],"footnotes":""},"categories":[1],"tags":[],"class_list":["post-97445","post","type-post","status-publish","format-standard","has-post-thumbnail","hentry","category-uncategorized"],"aioseo_notices":[],"_links":{"self":[{"href":"https:\/\/estado29.mx\/index.php?rest_route=\/wp\/v2\/posts\/97445","targetHints":{"allow":["GET"]}}],"collection":[{"href":"https:\/\/estado29.mx\/index.php?rest_route=\/wp\/v2\/posts"}],"about":[{"href":"https:\/\/estado29.mx\/index.php?rest_route=\/wp\/v2\/types\/post"}],"author":[{"embeddable":true,"href":"https:\/\/estado29.mx\/index.php?rest_route=\/wp\/v2\/users\/4"}],"replies":[{"embeddable":true,"href":"https:\/\/estado29.mx\/index.php?rest_route=%2Fwp%2Fv2%2Fcomments&post=97445"}],"version-history":[{"count":1,"href":"https:\/\/estado29.mx\/index.php?rest_route=\/wp\/v2\/posts\/97445\/revisions"}],"predecessor-version":[{"id":97447,"href":"https:\/\/estado29.mx\/index.php?rest_route=\/wp\/v2\/posts\/97445\/revisions\/97447"}],"wp:featuredmedia":[{"embeddable":true,"href":"https:\/\/estado29.mx\/index.php?rest_route=\/wp\/v2\/media\/97446"}],"wp:attachment":[{"href":"https:\/\/estado29.mx\/index.php?rest_route=%2Fwp%2Fv2%2Fmedia&parent=97445"}],"wp:term":[{"taxonomy":"category","embeddable":true,"href":"https:\/\/estado29.mx\/index.php?rest_route=%2Fwp%2Fv2%2Fcategories&post=97445"},{"taxonomy":"post_tag","embeddable":true,"href":"https:\/\/estado29.mx\/index.php?rest_route=%2Fwp%2Fv2%2Ftags&post=97445"}],"curies":[{"name":"wp","href":"https:\/\/api.w.org\/{rel}","templated":true}]}}