{"id":97451,"date":"2025-07-17T13:27:06","date_gmt":"2025-07-17T13:27:06","guid":{"rendered":"https:\/\/estado29.mx\/?p=97451"},"modified":"2025-08-01T00:48:32","modified_gmt":"2025-08-01T00:48:32","slug":"gobernadora-lorena-cuellar-entrega-protesis-a-personas-con-discapacidad-para-fortalecer-inclusion-social","status":"publish","type":"post","link":"https:\/\/estado29.mx\/?p=97451","title":{"rendered":"Gobernadora Lorena Cu\u00e9llar entrega pr\u00f3tesis a personas con discapacidad para fortalecer inclusi\u00f3n social"},"content":{"rendered":"\n<p>\u201cLas obras m\u00e1s valiosas son las que cambian vidas\u201d, asegur\u00f3 la mandataria<\/p>\n\n\n\n<p>Al encabezar la segunda entrega de pr\u00f3tesis correspondientes a 2025 del programa \u201cAyudas Funcionales para Personas con discapacidad\u201d de la Secretar\u00eda de Bienestar, la gobernadora Lorena Cu\u00e9llar Cisneros subray\u00f3 que m\u00e1s all\u00e1 de las obras de infraestructura, son los programas que transforman vidas los que definen el verdadero sentido del servicio p\u00fablico.<\/p>\n\n\n\n<p>\u201cPodemos construir edificios, escuelas, universidades, pero estas obras, las que hacen aut\u00f3nomas a las personas y due\u00f1os de s\u00ed mismos, son las m\u00e1s hermosas. Queremos que nada los detenga y que sigan luchando por sus sue\u00f1os\u201d, expres\u00f3 Cu\u00e9llar Cisneros, al reiterar su compromiso de que ninguna persona en el estado que necesite una pr\u00f3tesis se quede sin recibirla.<\/p>\n\n\n\n<p>Acompa\u00f1ada por las presidentas honor\u00edficas del Comit\u00e9 Consultivo de Bienestar, Fernanda Espinosa de los Monteros Cu\u00e9llar; y del Sistema Estatal DIF, Mariana Espinosa de los Monteros Cu\u00e9llar, la gobernadora escuch\u00f3 los testimonios de vida y superaci\u00f3n de personas como don Te\u00f3filo Ruiz, y record\u00f3 que su vocaci\u00f3n de servicio comenz\u00f3 hace m\u00e1s de tres d\u00e9cadas, cuando fund\u00f3 la asociaci\u00f3n civil de desarrollo social para brindar pr\u00f3tesis, sillas de ruedas, dentaduras y lentes a quienes m\u00e1s lo necesitaban.<\/p>\n\n\n\n<p>\u201cDesde entonces supe que mi lucha deb\u00eda ser mayor, por eso trabaj\u00e9 todo este tiempo para ser gobernadora, porque sab\u00eda que era una oportunidad para ayudar a m\u00e1s y m\u00e1s personas\u201d, afirm\u00f3.<\/p>\n\n\n\n<p>Gracias a esa convicci\u00f3n, refiri\u00f3, hoy Tlaxcala cuenta con una inversi\u00f3n 24 veces mayor en programas para personas con discapacidad, incluyendo 250 millones de pesos adicionales para la pensi\u00f3n universal a personas de 29 a 64 a\u00f1os, la construcci\u00f3n del CRIAT-Telet\u00f3n que ser\u00e1 el primero en el pa\u00eds financiado \u00edntegramente con recursos estatales, el Cecapdif, cinco parques inclusivos, un zool\u00f3gico sin barreras y la pr\u00f3xima Ciudad de la Inclusi\u00f3n, que iniciar\u00e1 su construcci\u00f3n este mismo a\u00f1o.<\/p>\n\n\n\n<p>La gobernadora Lorena Cu\u00e9llar subray\u00f3 que ya se signaron los convenios con ayuntamientos para que los 60 municipios del estado cuenten con al menos una Unidad B\u00e1sica de Rehabilitaci\u00f3n (UBR), y record\u00f3 que ya se han brindado m\u00e1s de un mill\u00f3n de terapias gratuitas, 460 camas y colchones hospitalarios y m\u00e1s de 90 mil apoyos funcionales en lo que va de su gesti\u00f3n.<\/p>\n\n\n\n<p>Adem\u00e1s, celebr\u00f3 que Tlaxcala fue referente nacional en el dise\u00f1o del programa de atenci\u00f3n m\u00e9dica y rehabilitaci\u00f3n domiciliaria, hoy adoptado a nivel federal por la presidenta Claudia Sheinbaum.<\/p>\n\n\n\n<p>En su intervenci\u00f3n, la presidenta honor\u00edfica del Comit\u00e9 Consultivo de Bienestar, Fernanda Espinosa de los Monteros Cu\u00e9llar, explic\u00f3 que el uso de una pr\u00f3tesis, acompa\u00f1ada de una rehabilitaci\u00f3n adecuada marca la diferencia entre la dependencia y la autonom\u00eda, \u201cpor eso estamos aqu\u00ed para caminar con ustedes, hombro a hombro\u201d, se\u00f1al\u00f3.<\/p>\n\n\n\n<p>Asimismo, dio a conocer que con este programa 13 personas recibieron su pr\u00f3tesis y al final del a\u00f1o se habr\u00e1 beneficiado a 27 tlaxcaltecas con pr\u00f3tesis transfemorales y a 10 pacientes m\u00e1s con pr\u00f3tesis transtibiales.<\/p>\n\n\n\n<p>A nombre de los beneficiarios, Te\u00f3filo Ruiz, quien obtuvo hace 20 a\u00f1os una pr\u00f3tesis por parte de la Fundaci\u00f3n de Desarrollo Social Tlaxcala A.C. (Fundestac), que cre\u00f3 la gobernadora Lorena Cu\u00e9llar, y que hoy recibi\u00f3 una ayuda funcional, agradeci\u00f3 el apoyo y la atenci\u00f3n que recibe por parte de la Secretar\u00eda de Bienestar.<\/p>\n\n\n\n<p>\u201cHace mucho tiempo, cuando a\u00fan no era gobernadora, me proporcion\u00f3 una pr\u00f3tesis con la cual yo pude salir adelante con mis hijos y as\u00ed es que como hoy nos est\u00e1 entregando otra pr\u00f3tesis a tantos a\u00f1os de distancia, le agradezco y qu\u00e9 bueno que se fija en nosotros los discapacitados\u201d, se\u00f1al\u00f3.<\/p>\n\n\n\n<p>El presidente municipal de Apizaco, Javier Rivera Bonilla, destac\u00f3 que estas acciones son ejemplo del poder transformador de las pol\u00edticas p\u00fablicas centradas en el bienestar y reconoci\u00f3 el esfuerzo de los beneficiarios que realizaron una demostraci\u00f3n de autonom\u00eda, s\u00edmbolo del impacto positivo del programa y del esfuerzo colectivo entre instituciones y ciudadan\u00eda.<\/p>\n\n\n\n<p>\u201cDesde el gobierno municipal refrendamos nuestro compromiso con las pol\u00edticas de inclusi\u00f3n y desarrollo humano. No hay ciudad fuerte si no caminamos todos juntos\u201d, concluy\u00f3.<\/p>\n\n\n\n<p>Durante la ceremonia, se realiz\u00f3 una demostraci\u00f3n de autonom\u00eda por parte de cinco beneficiarios quienes han logrado un uso \u00f3ptimo de sus pr\u00f3tesis y que represent\u00f3 un reconocimiento a su constancia y proceso de adaptaci\u00f3n, as\u00ed como un testimonio del impacto positivo que estas pol\u00edticas p\u00fablicas generan en la calidad de vida de las y los tlaxcaltecas.<\/p>\n\n\n\n<p>A la entrega de pr\u00f3tesis, asistieron la titular de la Secretar\u00eda de Bienestar, Mar\u00eda Estela \u00c1lvarez Corona; funcionarios municipales y estatales, as\u00ed como familiares de los beneficiarios.<\/p>\n","protected":false},"excerpt":{"rendered":"<p>\u201cLas obras m\u00e1s valiosas son las que cambian vidas\u201d, asegur\u00f3 la mandataria Al encabezar la segunda entrega de pr\u00f3tesis correspondientes a 2025 del programa \u201cAyudas Funcionales para Personas con discapacidad\u201d de la Secretar\u00eda de Bienestar, la gobernadora Lorena Cu\u00e9llar Cisneros subray\u00f3 que m\u00e1s all\u00e1 de las obras de infraestructura, son los programas que transforman vidas [&hellip;]<\/p>\n","protected":false},"author":4,"featured_media":97452,"comment_status":"open","ping_status":"open","sticky":false,"template":"","format":"standard","meta":{"om_disable_all_campaigns":false,"_monsterinsights_skip_tracking":false,"_monsterinsights_sitenote_active":false,"_monsterinsights_sitenote_note":"","_monsterinsights_sitenote_category":0,"jnews-multi-image_gallery":[],"jnews_single_post":{"format":"standard"},"jnews_primary_category":[],"footnotes":""},"categories":[1],"tags":[],"class_list":["post-97451","post","type-post","status-publish","format-standard","has-post-thumbnail","hentry","category-uncategorized"],"aioseo_notices":[],"_links":{"self":[{"href":"https:\/\/estado29.mx\/index.php?rest_route=\/wp\/v2\/posts\/97451","targetHints":{"allow":["GET"]}}],"collection":[{"href":"https:\/\/estado29.mx\/index.php?rest_route=\/wp\/v2\/posts"}],"about":[{"href":"https:\/\/estado29.mx\/index.php?rest_route=\/wp\/v2\/types\/post"}],"author":[{"embeddable":true,"href":"https:\/\/estado29.mx\/index.php?rest_route=\/wp\/v2\/users\/4"}],"replies":[{"embeddable":true,"href":"https:\/\/estado29.mx\/index.php?rest_route=%2Fwp%2Fv2%2Fcomments&post=97451"}],"version-history":[{"count":1,"href":"https:\/\/estado29.mx\/index.php?rest_route=\/wp\/v2\/posts\/97451\/revisions"}],"predecessor-version":[{"id":97453,"href":"https:\/\/estado29.mx\/index.php?rest_route=\/wp\/v2\/posts\/97451\/revisions\/97453"}],"wp:featuredmedia":[{"embeddable":true,"href":"https:\/\/estado29.mx\/index.php?rest_route=\/wp\/v2\/media\/97452"}],"wp:attachment":[{"href":"https:\/\/estado29.mx\/index.php?rest_route=%2Fwp%2Fv2%2Fmedia&parent=97451"}],"wp:term":[{"taxonomy":"category","embeddable":true,"href":"https:\/\/estado29.mx\/index.php?rest_route=%2Fwp%2Fv2%2Fcategories&post=97451"},{"taxonomy":"post_tag","embeddable":true,"href":"https:\/\/estado29.mx\/index.php?rest_route=%2Fwp%2Fv2%2Ftags&post=97451"}],"curies":[{"name":"wp","href":"https:\/\/api.w.org\/{rel}","templated":true}]}}