{"id":97460,"date":"2025-07-17T13:34:23","date_gmt":"2025-07-17T13:34:23","guid":{"rendered":"https:\/\/estado29.mx\/?p=97460"},"modified":"2025-08-01T00:48:20","modified_gmt":"2025-08-01T00:48:20","slug":"sigue-abierta-convocatoria-del-premio-estatal-de-la-juventud-2025","status":"publish","type":"post","link":"https:\/\/estado29.mx\/?p=97460","title":{"rendered":"Sigue abierta convocatoria del premio estatal de la juventud 2025"},"content":{"rendered":"\n<p><\/p>\n\n\n\n<p>\u2022Hasta el 27 de julio est\u00e1 disponible el registro de aspirantes del galard\u00f3n que otorgar\u00e1 12 est\u00edmulos econ\u00f3micos a j\u00f3venes de entre 14 y 30 a\u00f1os que destacan por su talento, compromiso e impacto en la sociedad<\/p>\n\n\n\n<p>El Instituto Tlaxcalteca de la Juventud (ITJ) dio a conocer que la convocatoria para el Premio Estatal de la Juventud 2025 contin\u00faa abierta hasta el pr\u00f3ximo 27 de junio, galard\u00f3n que reconoce el talento, compromiso social, acad\u00e9mico, art\u00edstico, emprendedor de j\u00f3venes que contribuyen al desarrollo de sus comunidades y del estado.<\/p>\n\n\n\n<p>La directora general del ITJ, Lucero Morales Tzompa, destac\u00f3 que, por primera vez, el premio estatal incluye una distinci\u00f3n en Diversidad Sexual y una categor\u00eda para Adolescentes.<\/p>\n\n\n\n<p>Morales Tzompa detall\u00f3 que la convocatoria est\u00e1 dirigida a personas de entre 14 y 30 a\u00f1os, quienes podr\u00e1n participar en dos categor\u00edas: Adolescente (14 a 18 a\u00f1os) y Juvenil (19 a 30 a\u00f1os).<\/p>\n\n\n\n<p>En total se entregar\u00e1n 12 est\u00edmulos econ\u00f3micos, ocho de 20 mil pesos y cuatro de 10 mil pesos, para sumar una bolsa total de 200 mil pesos.<\/p>\n\n\n\n<p>Entre las distinciones que entregar\u00e1 el Premio Estatal de la Juventud 2025 est\u00e1n: Logro Acad\u00e9mico, Expresiones Art\u00edsticas y Artes Populares, Compromiso Social y Medio Ambiente, Ingenio Emprendedor, Diversidad Sexual, Aportaci\u00f3n a la Cultura Democr\u00e1tica y Participaci\u00f3n Ciudadana, Ciencia y Tecnolog\u00eda, y Fortalecimiento a Grupos en Situaci\u00f3n de Vulnerabilidad.<\/p>\n\n\n\n<p>La distinci\u00f3n en Diversidad Sexual que se implementa este a\u00f1o reafirma el compromiso institucional del ITJ con la inclusi\u00f3n y la dignificaci\u00f3n de todas las juventudes.<\/p>\n\n\n\n<p>En tanto, la nueva categor\u00eda Adolescentes, es resultado de escuchar las peticiones de los sectores juveniles que ped\u00edan estar contemplados en este reconocimiento.<\/p>\n\n\n\n<p>El proceso de selecci\u00f3n constar\u00e1 de dos etapas eliminatorias, la primera que se centrar\u00e1 en la revisi\u00f3n curricular de los aspirantes para posteriormente realizar la presentaci\u00f3n ante el jurado calificador.<\/p>\n\n\n\n<p>El registro es 100 por ciento en l\u00ednea y estar\u00e1 disponible hasta el 27 de julio, a trav\u00e9s del link: https:\/\/linktr.ee\/ITJTlax.<\/p>\n","protected":false},"excerpt":{"rendered":"<p>\u2022Hasta el 27 de julio est\u00e1 disponible el registro de aspirantes del galard\u00f3n que otorgar\u00e1 12 est\u00edmulos econ\u00f3micos a j\u00f3venes de entre 14 y 30 a\u00f1os que destacan por su talento, compromiso e impacto en la sociedad El Instituto Tlaxcalteca de la Juventud (ITJ) dio a conocer que la convocatoria para el Premio Estatal de [&hellip;]<\/p>\n","protected":false},"author":4,"featured_media":97461,"comment_status":"open","ping_status":"open","sticky":false,"template":"","format":"standard","meta":{"om_disable_all_campaigns":false,"_monsterinsights_skip_tracking":false,"_monsterinsights_sitenote_active":false,"_monsterinsights_sitenote_note":"","_monsterinsights_sitenote_category":0,"jnews-multi-image_gallery":[],"jnews_single_post":{"format":"standard"},"jnews_primary_category":[],"footnotes":""},"categories":[1],"tags":[],"class_list":["post-97460","post","type-post","status-publish","format-standard","has-post-thumbnail","hentry","category-uncategorized"],"aioseo_notices":[],"_links":{"self":[{"href":"https:\/\/estado29.mx\/index.php?rest_route=\/wp\/v2\/posts\/97460","targetHints":{"allow":["GET"]}}],"collection":[{"href":"https:\/\/estado29.mx\/index.php?rest_route=\/wp\/v2\/posts"}],"about":[{"href":"https:\/\/estado29.mx\/index.php?rest_route=\/wp\/v2\/types\/post"}],"author":[{"embeddable":true,"href":"https:\/\/estado29.mx\/index.php?rest_route=\/wp\/v2\/users\/4"}],"replies":[{"embeddable":true,"href":"https:\/\/estado29.mx\/index.php?rest_route=%2Fwp%2Fv2%2Fcomments&post=97460"}],"version-history":[{"count":1,"href":"https:\/\/estado29.mx\/index.php?rest_route=\/wp\/v2\/posts\/97460\/revisions"}],"predecessor-version":[{"id":97462,"href":"https:\/\/estado29.mx\/index.php?rest_route=\/wp\/v2\/posts\/97460\/revisions\/97462"}],"wp:featuredmedia":[{"embeddable":true,"href":"https:\/\/estado29.mx\/index.php?rest_route=\/wp\/v2\/media\/97461"}],"wp:attachment":[{"href":"https:\/\/estado29.mx\/index.php?rest_route=%2Fwp%2Fv2%2Fmedia&parent=97460"}],"wp:term":[{"taxonomy":"category","embeddable":true,"href":"https:\/\/estado29.mx\/index.php?rest_route=%2Fwp%2Fv2%2Fcategories&post=97460"},{"taxonomy":"post_tag","embeddable":true,"href":"https:\/\/estado29.mx\/index.php?rest_route=%2Fwp%2Fv2%2Ftags&post=97460"}],"curies":[{"name":"wp","href":"https:\/\/api.w.org\/{rel}","templated":true}]}}