{"id":97470,"date":"2025-07-17T19:20:03","date_gmt":"2025-07-17T19:20:03","guid":{"rendered":"https:\/\/estado29.mx\/?p=97470"},"modified":"2025-08-01T00:48:07","modified_gmt":"2025-08-01T00:48:07","slug":"alfonso-sanchez-garcia-emite-aviso-debido-a-la-fuerte-lluvia-registrada-en-la-capital","status":"publish","type":"post","link":"https:\/\/estado29.mx\/?p=97470","title":{"rendered":"Alfonso S\u00e1nchez Garc\u00eda emite aviso debido a la fuerte lluvia registrada en la capital"},"content":{"rendered":"<figure class=\"wp-block-post-featured-image\"><img loading=\"lazy\" decoding=\"async\" width=\"1200\" height=\"1200\" src=\"https:\/\/estado29.mx\/wp-content\/uploads\/2025\/07\/WhatsApp-Image-2025-07-16-at-12.52.25-PM-1.jpeg\" class=\"attachment-post-thumbnail size-post-thumbnail wp-post-image\" alt=\"\" style=\"object-fit:cover;\" srcset=\"https:\/\/estado29.mx\/wp-content\/uploads\/2025\/07\/WhatsApp-Image-2025-07-16-at-12.52.25-PM-1.jpeg 1200w, https:\/\/estado29.mx\/wp-content\/uploads\/2025\/07\/WhatsApp-Image-2025-07-16-at-12.52.25-PM-1-300x300.jpeg 300w, https:\/\/estado29.mx\/wp-content\/uploads\/2025\/07\/WhatsApp-Image-2025-07-16-at-12.52.25-PM-1-1024x1024.jpeg 1024w, https:\/\/estado29.mx\/wp-content\/uploads\/2025\/07\/WhatsApp-Image-2025-07-16-at-12.52.25-PM-1-150x150.jpeg 150w, https:\/\/estado29.mx\/wp-content\/uploads\/2025\/07\/WhatsApp-Image-2025-07-16-at-12.52.25-PM-1-768x768.jpeg 768w, https:\/\/estado29.mx\/wp-content\/uploads\/2025\/07\/WhatsApp-Image-2025-07-16-at-12.52.25-PM-1-75x75.jpeg 75w, https:\/\/estado29.mx\/wp-content\/uploads\/2025\/07\/WhatsApp-Image-2025-07-16-at-12.52.25-PM-1-350x350.jpeg 350w, https:\/\/estado29.mx\/wp-content\/uploads\/2025\/07\/WhatsApp-Image-2025-07-16-at-12.52.25-PM-1-750x750.jpeg 750w, https:\/\/estado29.mx\/wp-content\/uploads\/2025\/07\/WhatsApp-Image-2025-07-16-at-12.52.25-PM-1-1140x1140.jpeg 1140w\" sizes=\"auto, (max-width: 1200px) 100vw, 1200px\" \/><\/figure>\n\n\n<p>Les informo que, debido a la fuerte lluvia que se registr\u00f3 el d\u00eda de ayer en la capital de Tlaxcala, algunos espacios p\u00fablicos presentan afectaciones que nos obligan a tomar medidas preventivas.<\/p>\n\n\n\n<p>Por este motivo, el Polideportivo de la Ciudad, la Unidad Deportiva \u201cBlas Charro Carvajal\u201d y la Casa de la Cultura permanecer\u00e1n cerrados temporalmente y hasta nuevo aviso, con el objetivo de salvaguardar la seguridad de todas y todos.<\/p>\n\n\n\n<p>Agradezco su comprensi\u00f3n y les estar\u00e9 informando cuando estos espacios puedan volver a operar con normalidad.<\/p>\n\n\n\n<p><\/p>\n","protected":false},"excerpt":{"rendered":"<p>Les informo que, debido a la fuerte lluvia que se registr\u00f3 el d\u00eda de ayer en la capital de Tlaxcala, algunos espacios p\u00fablicos presentan afectaciones que nos obligan a tomar medidas preventivas. Por este motivo, el Polideportivo de la Ciudad, la Unidad Deportiva \u201cBlas Charro Carvajal\u201d y la Casa de la Cultura permanecer\u00e1n cerrados temporalmente [&hellip;]<\/p>\n","protected":false},"author":4,"featured_media":97471,"comment_status":"open","ping_status":"open","sticky":false,"template":"","format":"standard","meta":{"om_disable_all_campaigns":false,"_monsterinsights_skip_tracking":false,"_monsterinsights_sitenote_active":false,"_monsterinsights_sitenote_note":"","_monsterinsights_sitenote_category":0,"jnews-multi-image_gallery":[],"jnews_single_post":{"format":"standard"},"jnews_primary_category":[],"footnotes":""},"categories":[1],"tags":[],"class_list":["post-97470","post","type-post","status-publish","format-standard","has-post-thumbnail","hentry","category-uncategorized"],"aioseo_notices":[],"_links":{"self":[{"href":"https:\/\/estado29.mx\/index.php?rest_route=\/wp\/v2\/posts\/97470","targetHints":{"allow":["GET"]}}],"collection":[{"href":"https:\/\/estado29.mx\/index.php?rest_route=\/wp\/v2\/posts"}],"about":[{"href":"https:\/\/estado29.mx\/index.php?rest_route=\/wp\/v2\/types\/post"}],"author":[{"embeddable":true,"href":"https:\/\/estado29.mx\/index.php?rest_route=\/wp\/v2\/users\/4"}],"replies":[{"embeddable":true,"href":"https:\/\/estado29.mx\/index.php?rest_route=%2Fwp%2Fv2%2Fcomments&post=97470"}],"version-history":[{"count":1,"href":"https:\/\/estado29.mx\/index.php?rest_route=\/wp\/v2\/posts\/97470\/revisions"}],"predecessor-version":[{"id":97472,"href":"https:\/\/estado29.mx\/index.php?rest_route=\/wp\/v2\/posts\/97470\/revisions\/97472"}],"wp:featuredmedia":[{"embeddable":true,"href":"https:\/\/estado29.mx\/index.php?rest_route=\/wp\/v2\/media\/97471"}],"wp:attachment":[{"href":"https:\/\/estado29.mx\/index.php?rest_route=%2Fwp%2Fv2%2Fmedia&parent=97470"}],"wp:term":[{"taxonomy":"category","embeddable":true,"href":"https:\/\/estado29.mx\/index.php?rest_route=%2Fwp%2Fv2%2Fcategories&post=97470"},{"taxonomy":"post_tag","embeddable":true,"href":"https:\/\/estado29.mx\/index.php?rest_route=%2Fwp%2Fv2%2Ftags&post=97470"}],"curies":[{"name":"wp","href":"https:\/\/api.w.org\/{rel}","templated":true}]}}