{"id":97473,"date":"2025-07-17T19:21:02","date_gmt":"2025-07-17T19:21:02","guid":{"rendered":"https:\/\/estado29.mx\/?p=97473"},"modified":"2025-08-01T00:48:03","modified_gmt":"2025-08-01T00:48:03","slug":"gobierno-municipal-de-alfonso-sanchez-garcia-restablece-las-condiciones-de-movilidad-en-la-capital","status":"publish","type":"post","link":"https:\/\/estado29.mx\/?p=97473","title":{"rendered":"GOBIERNO MUNICIPAL DE ALFONSO S\u00c1NCHEZ GARC\u00cdA RESTABLECE LAS CONDICIONES DE MOVILIDAD EN LA CAPITAL"},"content":{"rendered":"<figure class=\"wp-block-post-featured-image\"><img loading=\"lazy\" decoding=\"async\" width=\"1280\" height=\"853\" src=\"https:\/\/estado29.mx\/wp-content\/uploads\/2025\/07\/WhatsApp-Image-2025-07-16-at-7.55.43-PM.jpeg\" class=\"attachment-post-thumbnail size-post-thumbnail wp-post-image\" alt=\"\" style=\"object-fit:cover;\" srcset=\"https:\/\/estado29.mx\/wp-content\/uploads\/2025\/07\/WhatsApp-Image-2025-07-16-at-7.55.43-PM.jpeg 1280w, https:\/\/estado29.mx\/wp-content\/uploads\/2025\/07\/WhatsApp-Image-2025-07-16-at-7.55.43-PM-300x200.jpeg 300w, https:\/\/estado29.mx\/wp-content\/uploads\/2025\/07\/WhatsApp-Image-2025-07-16-at-7.55.43-PM-1024x682.jpeg 1024w, https:\/\/estado29.mx\/wp-content\/uploads\/2025\/07\/WhatsApp-Image-2025-07-16-at-7.55.43-PM-768x512.jpeg 768w, https:\/\/estado29.mx\/wp-content\/uploads\/2025\/07\/WhatsApp-Image-2025-07-16-at-7.55.43-PM-750x500.jpeg 750w, https:\/\/estado29.mx\/wp-content\/uploads\/2025\/07\/WhatsApp-Image-2025-07-16-at-7.55.43-PM-1140x760.jpeg 1140w\" sizes=\"auto, (max-width: 1280px) 100vw, 1280px\" \/><\/figure>\n\n\n<p>Desde la noche del martes, tal como lo instruy\u00f3 el presidente municipal, Alfonso S\u00e1nchez Garc\u00eda, las diferentes \u00e1reas del Ayuntamiento capitalino, a trav\u00e9s de brigadas, restablecieron en menos de 12 horas el tr\u00e1nsito en la ciudad tras la fuerte lluvia y granizo.<\/p>\n\n\n\n<p>De esta manera, cuadrillas de las \u00e1reas de Obras P\u00fablicas, Comisi\u00f3n de Agua Potable y Alcantarillado, Servicios P\u00fablicos, Seguridad y Protecci\u00f3n Civil se desplegaron en los puntos con mayor afectaci\u00f3n.<\/p>\n\n\n\n<p>Con maquinaria pesada, un cami\u00f3n Vactor, pipas, bombas, camiones de volteo y compactadores, las brigadas llevaron a cabo limpieza de calles, retiraron escombro, emprendieron acciones de desazolve y limpieza de rejillas pluviales.<\/p>\n\n\n\n<p>Tambi\u00e9n asearon las plazas principales, calles y banquetas, adem\u00e1s recogieron lodo, ramas y hojas de \u00e1rboles. Asimismo, retiraron residuos s\u00f3lidos y comenzaron la reparaci\u00f3n de hundimientos de adoqu\u00edn y asfalto.<\/p>\n\n\n\n<p>Con este trabajo en lugares como avenida Independencia, Plaza Xicoht\u00e9ncatl, San Jos\u00e9 y Centro Hist\u00f3rico, as\u00ed como la zona de Artesan\u00edas y la calle Emilio S\u00e1nchez Piedras, que conduce a la zona del mercado, adem\u00e1s de la Porfirio D\u00edaz y 20 de Noviembre, se evita el derrape y otros accidentes de peatones y automovilistas y se generan mejores condiciones de seguridad y movilidad.<\/p>\n\n\n\n<p>Cabe destacar que ante las afectaciones registradas en espacios p\u00fablicos como el Polideportivo \u201cCarlos Castillo Peraza\u201d, la Unidad Deportiva \u201cBlas Charro Carvajal\u201d y la Casa de Cultura \u201cJos\u00e9 Miguel Guridi y Alcocer\u201d, estos espacios permanecer\u00e1n cerrados al p\u00fablico hasta nuevo aviso.<\/p>\n","protected":false},"excerpt":{"rendered":"<p>Desde la noche del martes, tal como lo instruy\u00f3 el presidente municipal, Alfonso S\u00e1nchez Garc\u00eda, las diferentes \u00e1reas del Ayuntamiento capitalino, a trav\u00e9s de brigadas, restablecieron en menos de 12 horas el tr\u00e1nsito en la ciudad tras la fuerte lluvia y granizo. De esta manera, cuadrillas de las \u00e1reas de Obras P\u00fablicas, Comisi\u00f3n de Agua [&hellip;]<\/p>\n","protected":false},"author":4,"featured_media":97474,"comment_status":"open","ping_status":"open","sticky":false,"template":"","format":"standard","meta":{"om_disable_all_campaigns":false,"_monsterinsights_skip_tracking":false,"_monsterinsights_sitenote_active":false,"_monsterinsights_sitenote_note":"","_monsterinsights_sitenote_category":0,"jnews-multi-image_gallery":[],"jnews_single_post":{"format":"standard"},"jnews_primary_category":[],"footnotes":""},"categories":[1],"tags":[],"class_list":["post-97473","post","type-post","status-publish","format-standard","has-post-thumbnail","hentry","category-uncategorized"],"aioseo_notices":[],"_links":{"self":[{"href":"https:\/\/estado29.mx\/index.php?rest_route=\/wp\/v2\/posts\/97473","targetHints":{"allow":["GET"]}}],"collection":[{"href":"https:\/\/estado29.mx\/index.php?rest_route=\/wp\/v2\/posts"}],"about":[{"href":"https:\/\/estado29.mx\/index.php?rest_route=\/wp\/v2\/types\/post"}],"author":[{"embeddable":true,"href":"https:\/\/estado29.mx\/index.php?rest_route=\/wp\/v2\/users\/4"}],"replies":[{"embeddable":true,"href":"https:\/\/estado29.mx\/index.php?rest_route=%2Fwp%2Fv2%2Fcomments&post=97473"}],"version-history":[{"count":1,"href":"https:\/\/estado29.mx\/index.php?rest_route=\/wp\/v2\/posts\/97473\/revisions"}],"predecessor-version":[{"id":97475,"href":"https:\/\/estado29.mx\/index.php?rest_route=\/wp\/v2\/posts\/97473\/revisions\/97475"}],"wp:featuredmedia":[{"embeddable":true,"href":"https:\/\/estado29.mx\/index.php?rest_route=\/wp\/v2\/media\/97474"}],"wp:attachment":[{"href":"https:\/\/estado29.mx\/index.php?rest_route=%2Fwp%2Fv2%2Fmedia&parent=97473"}],"wp:term":[{"taxonomy":"category","embeddable":true,"href":"https:\/\/estado29.mx\/index.php?rest_route=%2Fwp%2Fv2%2Fcategories&post=97473"},{"taxonomy":"post_tag","embeddable":true,"href":"https:\/\/estado29.mx\/index.php?rest_route=%2Fwp%2Fv2%2Ftags&post=97473"}],"curies":[{"name":"wp","href":"https:\/\/api.w.org\/{rel}","templated":true}]}}