{"id":97493,"date":"2025-07-19T22:30:59","date_gmt":"2025-07-19T22:30:59","guid":{"rendered":"https:\/\/estado29.mx\/?p=97493"},"modified":"2025-08-01T01:06:23","modified_gmt":"2025-08-01T01:06:23","slug":"yuri-llegara-a-huamantla-este-24-de-agosto-como-parte-de-la-feria-del-arte-efimero-y-la-dalia-2025","status":"publish","type":"post","link":"https:\/\/estado29.mx\/?p=97493","title":{"rendered":"YURI llegar\u00e1 a Huamantla este 24 de agosto como parte de la Feria del Arte Ef\u00edmero y la Dalia 2025"},"content":{"rendered":"<figure class=\"wp-block-post-featured-image\"><img loading=\"lazy\" decoding=\"async\" width=\"1080\" height=\"1350\" src=\"https:\/\/estado29.mx\/wp-content\/uploads\/2025\/07\/IMG-20250714-WA1266.jpg\" class=\"attachment-post-thumbnail size-post-thumbnail wp-post-image\" alt=\"\" style=\"object-fit:cover;\" srcset=\"https:\/\/estado29.mx\/wp-content\/uploads\/2025\/07\/IMG-20250714-WA1266.jpg 1080w, https:\/\/estado29.mx\/wp-content\/uploads\/2025\/07\/IMG-20250714-WA1266-240x300.jpg 240w, https:\/\/estado29.mx\/wp-content\/uploads\/2025\/07\/IMG-20250714-WA1266-819x1024.jpg 819w, https:\/\/estado29.mx\/wp-content\/uploads\/2025\/07\/IMG-20250714-WA1266-768x960.jpg 768w, https:\/\/estado29.mx\/wp-content\/uploads\/2025\/07\/IMG-20250714-WA1266-750x938.jpg 750w\" sizes=\"auto, (max-width: 1080px) 100vw, 1080px\" \/><\/figure>\n\n\n<p>El Gobierno Municipal de Huamantla anuncia con entusiasmo la presentaci\u00f3n estelar de la reconocida cantante mexicana YURI, este domingo 24 de agosto en el Foro del Artista, como parte de la cartelera oficial de la Feria del Arte Ef\u00edmero y la Dalia Huamantla 2025.<\/p>\n\n\n\n<p>Con una trayectoria de m\u00e1s de cuatro d\u00e9cadas y una voz inconfundible, Yuri llega para ofrecer un espect\u00e1culo inolvidable, donde interpretar\u00e1 sus grandes \u00e9xitos como \u201cDetr\u00e1s de mi ventana\u201d, \u201cMaldita primavera\u201d, \u201cAmiga m\u00eda\u201d y muchos m\u00e1s.El evento se realizar\u00e1 en punto de las 7:00 de la noche y ser\u00e1 uno de los conciertos m\u00e1s esperados de esta edici\u00f3n de feria.Los boletos ya est\u00e1n disponibles a trav\u00e9s de los canales oficiales:\t<\/p>\n\n\n\n<p>\u2022\tEn l\u00ednea: www.feriadehuamantla2025.com\t<\/p>\n\n\n\n<p>\u2022\tPresencialmente: M\u00f3dulo oficial frente a la Presidencia Municipal de HuamantlaLos costos son:\t<\/p>\n\n\n\n<p>\u2022\tVIP: $500 pesos\t<\/p>\n\n\n\n<p>\u2022\tGeneral: $150 pesosLa administraci\u00f3n municipal recuerda a la ciudadan\u00eda que no hay reembolsos ni transferencias y no se debe comprar con terceros no autorizados, ya que cualquier boleto adquirido fuera de los canales oficiales podr\u00eda ser inv\u00e1lido.<\/p>\n\n\n\n<p>Con este tipo de eventos, Huamantla se consolida como un referente cultural y art\u00edstico en el pa\u00eds, promoviendo espect\u00e1culos de calidad para toda la familia.<\/p>\n","protected":false},"excerpt":{"rendered":"<p>El Gobierno Municipal de Huamantla anuncia con entusiasmo la presentaci\u00f3n estelar de la reconocida cantante mexicana YURI, este domingo 24 de agosto en el Foro del Artista, como parte de la cartelera oficial de la Feria del Arte Ef\u00edmero y la Dalia Huamantla 2025. Con una trayectoria de m\u00e1s de cuatro d\u00e9cadas y una voz [&hellip;]<\/p>\n","protected":false},"author":9,"featured_media":97494,"comment_status":"open","ping_status":"open","sticky":false,"template":"","format":"standard","meta":{"om_disable_all_campaigns":false,"_monsterinsights_skip_tracking":false,"_monsterinsights_sitenote_active":false,"_monsterinsights_sitenote_note":"","_monsterinsights_sitenote_category":0,"jnews-multi-image_gallery":[],"jnews_single_post":{"format":"standard"},"jnews_primary_category":[],"footnotes":""},"categories":[1],"tags":[],"class_list":["post-97493","post","type-post","status-publish","format-standard","has-post-thumbnail","hentry","category-uncategorized"],"aioseo_notices":[],"_links":{"self":[{"href":"https:\/\/estado29.mx\/index.php?rest_route=\/wp\/v2\/posts\/97493","targetHints":{"allow":["GET"]}}],"collection":[{"href":"https:\/\/estado29.mx\/index.php?rest_route=\/wp\/v2\/posts"}],"about":[{"href":"https:\/\/estado29.mx\/index.php?rest_route=\/wp\/v2\/types\/post"}],"author":[{"embeddable":true,"href":"https:\/\/estado29.mx\/index.php?rest_route=\/wp\/v2\/users\/9"}],"replies":[{"embeddable":true,"href":"https:\/\/estado29.mx\/index.php?rest_route=%2Fwp%2Fv2%2Fcomments&post=97493"}],"version-history":[{"count":1,"href":"https:\/\/estado29.mx\/index.php?rest_route=\/wp\/v2\/posts\/97493\/revisions"}],"predecessor-version":[{"id":97495,"href":"https:\/\/estado29.mx\/index.php?rest_route=\/wp\/v2\/posts\/97493\/revisions\/97495"}],"wp:featuredmedia":[{"embeddable":true,"href":"https:\/\/estado29.mx\/index.php?rest_route=\/wp\/v2\/media\/97494"}],"wp:attachment":[{"href":"https:\/\/estado29.mx\/index.php?rest_route=%2Fwp%2Fv2%2Fmedia&parent=97493"}],"wp:term":[{"taxonomy":"category","embeddable":true,"href":"https:\/\/estado29.mx\/index.php?rest_route=%2Fwp%2Fv2%2Fcategories&post=97493"},{"taxonomy":"post_tag","embeddable":true,"href":"https:\/\/estado29.mx\/index.php?rest_route=%2Fwp%2Fv2%2Ftags&post=97493"}],"curies":[{"name":"wp","href":"https:\/\/api.w.org\/{rel}","templated":true}]}}