{"id":97499,"date":"2025-07-19T22:34:26","date_gmt":"2025-07-19T22:34:26","guid":{"rendered":"https:\/\/estado29.mx\/?p=97499"},"modified":"2025-08-01T01:06:14","modified_gmt":"2025-08-01T01:06:14","slug":"huamantla-vivira-una-noche-inolvidable-con-lupillo-rivera-y-la-trakalosa-de-monterrey","status":"publish","type":"post","link":"https:\/\/estado29.mx\/?p=97499","title":{"rendered":"HUAMANTLA VIVIR\u00c1 UNA NOCHE INOLVIDABLE CON LUPILLO RIVERA Y LA TRAKALOSA DE MONTERREY"},"content":{"rendered":"<figure class=\"wp-block-post-featured-image\"><img loading=\"lazy\" decoding=\"async\" width=\"1080\" height=\"1350\" src=\"https:\/\/estado29.mx\/wp-content\/uploads\/2025\/07\/IMG-20250715-WA0186.jpg\" class=\"attachment-post-thumbnail size-post-thumbnail wp-post-image\" alt=\"\" style=\"object-fit:cover;\" srcset=\"https:\/\/estado29.mx\/wp-content\/uploads\/2025\/07\/IMG-20250715-WA0186.jpg 1080w, https:\/\/estado29.mx\/wp-content\/uploads\/2025\/07\/IMG-20250715-WA0186-240x300.jpg 240w, https:\/\/estado29.mx\/wp-content\/uploads\/2025\/07\/IMG-20250715-WA0186-819x1024.jpg 819w, https:\/\/estado29.mx\/wp-content\/uploads\/2025\/07\/IMG-20250715-WA0186-768x960.jpg 768w, https:\/\/estado29.mx\/wp-content\/uploads\/2025\/07\/IMG-20250715-WA0186-750x938.jpg 750w\" sizes=\"auto, (max-width: 1080px) 100vw, 1080px\" \/><\/figure>\n\n\n<p>Huamantla, Tlax., julio de 2025La Feria del Arte Ef\u00edmero y la Dalia Huamantla 2025 contin\u00faa sorprendiendo con su espectacular cartelera art\u00edstica, y este s\u00e1bado 23 de agosto, el Foro del Artista se vestir\u00e1 de gala con una doble presentaci\u00f3n estelar que promete una noche llena de energ\u00eda, m\u00fasica y tradici\u00f3n.Desde el escenario principal, el p\u00fablico huamantleco y visitantes podr\u00e1n disfrutar del inconfundible estilo de Lupillo Rivera, \u00edcono de la m\u00fasica regional mexicana, y del poder norte\u00f1o de Edwin Luna y La Trakalosa de Monterrey, quienes har\u00e1n vibrar el recinto con todos sus \u00e9xitos.\ud83c\udf9f\ufe0f Boletos disponibles exclusivamente en:\t\u2022\twww.feriadehuamantla2025.com\t\u2022\tM\u00f3dulo oficial frente a la Presidencia Municipal\ud83c\udfab Precios:\t\u2022\tZona VIP: $500\t\u2022\tZona General: $150Se hace un llamado a la ciudadan\u00eda a evitar la compra de boletos en reventa, ya que no se garantiza su validez. \u00danicamente los boletos adquiridos en los canales oficiales permiten el acceso a los espect\u00e1culos.Esta presentaci\u00f3n es parte del compromiso del Gobierno Municipal de Huamantla por ofrecer una feria de calidad, segura y con una cartelera art\u00edstica de primer nivel para el disfrute de todas y todos.\u00a1La emoci\u00f3n de la feria contin\u00faa!<\/p>\n","protected":false},"excerpt":{"rendered":"<p>Huamantla, Tlax., julio de 2025La Feria del Arte Ef\u00edmero y la Dalia Huamantla 2025 contin\u00faa sorprendiendo con su espectacular cartelera art\u00edstica, y este s\u00e1bado 23 de agosto, el Foro del Artista se vestir\u00e1 de gala con una doble presentaci\u00f3n estelar que promete una noche llena de energ\u00eda, m\u00fasica y tradici\u00f3n.Desde el escenario principal, el p\u00fablico [&hellip;]<\/p>\n","protected":false},"author":9,"featured_media":97500,"comment_status":"open","ping_status":"open","sticky":false,"template":"","format":"standard","meta":{"om_disable_all_campaigns":false,"_monsterinsights_skip_tracking":false,"_monsterinsights_sitenote_active":false,"_monsterinsights_sitenote_note":"","_monsterinsights_sitenote_category":0,"jnews-multi-image_gallery":[],"jnews_single_post":{"format":"standard"},"jnews_primary_category":[],"footnotes":""},"categories":[1],"tags":[],"class_list":["post-97499","post","type-post","status-publish","format-standard","has-post-thumbnail","hentry","category-uncategorized"],"aioseo_notices":[],"_links":{"self":[{"href":"https:\/\/estado29.mx\/index.php?rest_route=\/wp\/v2\/posts\/97499","targetHints":{"allow":["GET"]}}],"collection":[{"href":"https:\/\/estado29.mx\/index.php?rest_route=\/wp\/v2\/posts"}],"about":[{"href":"https:\/\/estado29.mx\/index.php?rest_route=\/wp\/v2\/types\/post"}],"author":[{"embeddable":true,"href":"https:\/\/estado29.mx\/index.php?rest_route=\/wp\/v2\/users\/9"}],"replies":[{"embeddable":true,"href":"https:\/\/estado29.mx\/index.php?rest_route=%2Fwp%2Fv2%2Fcomments&post=97499"}],"version-history":[{"count":1,"href":"https:\/\/estado29.mx\/index.php?rest_route=\/wp\/v2\/posts\/97499\/revisions"}],"predecessor-version":[{"id":97501,"href":"https:\/\/estado29.mx\/index.php?rest_route=\/wp\/v2\/posts\/97499\/revisions\/97501"}],"wp:featuredmedia":[{"embeddable":true,"href":"https:\/\/estado29.mx\/index.php?rest_route=\/wp\/v2\/media\/97500"}],"wp:attachment":[{"href":"https:\/\/estado29.mx\/index.php?rest_route=%2Fwp%2Fv2%2Fmedia&parent=97499"}],"wp:term":[{"taxonomy":"category","embeddable":true,"href":"https:\/\/estado29.mx\/index.php?rest_route=%2Fwp%2Fv2%2Fcategories&post=97499"},{"taxonomy":"post_tag","embeddable":true,"href":"https:\/\/estado29.mx\/index.php?rest_route=%2Fwp%2Fv2%2Ftags&post=97499"}],"curies":[{"name":"wp","href":"https:\/\/api.w.org\/{rel}","templated":true}]}}