{"id":97509,"date":"2025-07-19T22:47:20","date_gmt":"2025-07-19T22:47:20","guid":{"rendered":"https:\/\/estado29.mx\/?p=97509"},"modified":"2025-08-01T01:05:32","modified_gmt":"2025-08-01T01:05:32","slug":"realiza-gobierno-de-huamantla-ajustes-en-areas-estrategicas-para-fortalecer-la-operatividad-administrativa-y-la-atencion-ciudadana","status":"publish","type":"post","link":"https:\/\/estado29.mx\/?p=97509","title":{"rendered":"Realiza Gobierno de Huamantla ajustes en \u00e1reas estrat\u00e9gicas para fortalecer la operatividad administrativa y la atenci\u00f3n ciudadana"},"content":{"rendered":"<figure class=\"wp-block-post-featured-image\"><img loading=\"lazy\" decoding=\"async\" width=\"1600\" height=\"1066\" src=\"https:\/\/estado29.mx\/wp-content\/uploads\/2025\/07\/IMG-20250719-WA0085.jpg\" class=\"attachment-post-thumbnail size-post-thumbnail wp-post-image\" alt=\"\" style=\"object-fit:cover;\" srcset=\"https:\/\/estado29.mx\/wp-content\/uploads\/2025\/07\/IMG-20250719-WA0085.jpg 1600w, https:\/\/estado29.mx\/wp-content\/uploads\/2025\/07\/IMG-20250719-WA0085-300x200.jpg 300w, https:\/\/estado29.mx\/wp-content\/uploads\/2025\/07\/IMG-20250719-WA0085-1024x682.jpg 1024w, https:\/\/estado29.mx\/wp-content\/uploads\/2025\/07\/IMG-20250719-WA0085-768x512.jpg 768w, https:\/\/estado29.mx\/wp-content\/uploads\/2025\/07\/IMG-20250719-WA0085-1536x1023.jpg 1536w, https:\/\/estado29.mx\/wp-content\/uploads\/2025\/07\/IMG-20250719-WA0085-750x500.jpg 750w, https:\/\/estado29.mx\/wp-content\/uploads\/2025\/07\/IMG-20250719-WA0085-1140x760.jpg 1140w\" sizes=\"auto, (max-width: 1600px) 100vw, 1600px\" \/><\/figure>\n\n\n<p>Con el objetivo de mejorar la operatividad de las \u00e1reas clave del gobierno municipal y seguir brindando un servicio eficiente a la ciudadan\u00eda, el presidente de Huamantla, Salvador Santos Cedillo, anunci\u00f3 cambios en el equipo de trabajo que encabeza.A partir de esta semana, se realizar\u00e1n los siguientes movimientos:\t<\/p>\n\n\n\n<p>\u2022\tAndr\u00e9s Carmona L\u00f3pez, quien ven\u00eda desempe\u00f1\u00e1ndose como Director de la Comisi\u00f3n de Agua Potable y Alcantarillado del Municipio de Huamantla (CAPAMH), asume la Direcci\u00f3n de Servicios P\u00fablicos Municipales.\t<\/p>\n\n\n\n<p>\u2022\tTania D\u00edaz Flores, quien estaba al frente de la Direcci\u00f3n de Obras P\u00fablicas, tomar\u00e1 ahora la responsabilidad de dirigir la CAPAMH, convirti\u00e9ndose en la primera mujer en ser formalmente nombrada como Directora de este organismo, un hecho que marca un avance en la inclusi\u00f3n y participaci\u00f3n de las mujeres en cargos estrat\u00e9gicos del municipio.\t<\/p>\n\n\n\n<p>\u2022\tPor su parte, el Ing. Miguel Salinas Hern\u00e1ndez, quien ocupaba la Direcci\u00f3n de Servicios P\u00fablicos Municipales, asumir\u00e1 el cargo de Jefe Operativo dentro de la CAPAMH, donde aportar\u00e1 su experiencia t\u00e9cnica en el mejoramiento de los servicios b\u00e1sicos.<\/p>\n\n\n\n<p>El presidente municipal reconoci\u00f3 el esfuerzo y la labor incansable de cada uno de los funcionarios en sus anteriores cargos, y expres\u00f3 su total confianza en que, en esta nueva encomienda, continuar\u00e1n trabajando con compromiso, profesionalismo y en coordinaci\u00f3n permanente para el beneficio de la poblaci\u00f3n.\u201cEstamos convencidos de que las transformaciones se logran con equipo, compromiso y visi\u00f3n<\/p>\n\n\n\n<p>. Por ello, estos ajustes responden a la necesidad de seguir mejorando la atenci\u00f3n que brindamos a nuestra gente. Agradezco el esfuerzo de cada uno de ellos y s\u00e9 que dar\u00e1n lo mejor en esta nueva etapa\u201d, se\u00f1al\u00f3 Salvador Santos Cedillo.Con estos cambios, el Gobierno Municipal de Huamantla reafirma su compromiso de seguir trabajando de manera cercana, eficiente y responsable.<\/p>\n","protected":false},"excerpt":{"rendered":"<p>Con el objetivo de mejorar la operatividad de las \u00e1reas clave del gobierno municipal y seguir brindando un servicio eficiente a la ciudadan\u00eda, el presidente de Huamantla, Salvador Santos Cedillo, anunci\u00f3 cambios en el equipo de trabajo que encabeza.A partir de esta semana, se realizar\u00e1n los siguientes movimientos: \u2022 Andr\u00e9s Carmona L\u00f3pez, quien ven\u00eda desempe\u00f1\u00e1ndose [&hellip;]<\/p>\n","protected":false},"author":9,"featured_media":97510,"comment_status":"open","ping_status":"open","sticky":false,"template":"","format":"standard","meta":{"om_disable_all_campaigns":false,"_monsterinsights_skip_tracking":false,"_monsterinsights_sitenote_active":false,"_monsterinsights_sitenote_note":"","_monsterinsights_sitenote_category":0,"jnews-multi-image_gallery":[],"jnews_single_post":{"format":"standard"},"jnews_primary_category":[],"footnotes":""},"categories":[1],"tags":[],"class_list":["post-97509","post","type-post","status-publish","format-standard","has-post-thumbnail","hentry","category-uncategorized"],"aioseo_notices":[],"_links":{"self":[{"href":"https:\/\/estado29.mx\/index.php?rest_route=\/wp\/v2\/posts\/97509","targetHints":{"allow":["GET"]}}],"collection":[{"href":"https:\/\/estado29.mx\/index.php?rest_route=\/wp\/v2\/posts"}],"about":[{"href":"https:\/\/estado29.mx\/index.php?rest_route=\/wp\/v2\/types\/post"}],"author":[{"embeddable":true,"href":"https:\/\/estado29.mx\/index.php?rest_route=\/wp\/v2\/users\/9"}],"replies":[{"embeddable":true,"href":"https:\/\/estado29.mx\/index.php?rest_route=%2Fwp%2Fv2%2Fcomments&post=97509"}],"version-history":[{"count":1,"href":"https:\/\/estado29.mx\/index.php?rest_route=\/wp\/v2\/posts\/97509\/revisions"}],"predecessor-version":[{"id":97511,"href":"https:\/\/estado29.mx\/index.php?rest_route=\/wp\/v2\/posts\/97509\/revisions\/97511"}],"wp:featuredmedia":[{"embeddable":true,"href":"https:\/\/estado29.mx\/index.php?rest_route=\/wp\/v2\/media\/97510"}],"wp:attachment":[{"href":"https:\/\/estado29.mx\/index.php?rest_route=%2Fwp%2Fv2%2Fmedia&parent=97509"}],"wp:term":[{"taxonomy":"category","embeddable":true,"href":"https:\/\/estado29.mx\/index.php?rest_route=%2Fwp%2Fv2%2Fcategories&post=97509"},{"taxonomy":"post_tag","embeddable":true,"href":"https:\/\/estado29.mx\/index.php?rest_route=%2Fwp%2Fv2%2Ftags&post=97509"}],"curies":[{"name":"wp","href":"https:\/\/api.w.org\/{rel}","templated":true}]}}