{"id":97515,"date":"2025-07-19T22:50:58","date_gmt":"2025-07-19T22:50:58","guid":{"rendered":"https:\/\/estado29.mx\/?p=97515"},"modified":"2025-08-01T01:05:22","modified_gmt":"2025-08-01T01:05:22","slug":"convocatoria-al-desfile-de-la-dalia-2025feria-internacional-del-arte-efimero-y-la-dalia-huamantla-2025","status":"publish","type":"post","link":"https:\/\/estado29.mx\/?p=97515","title":{"rendered":"Convocatoria al Desfile de la Dalia 2025Feria Internacional del Arte Ef\u00edmero y la Dalia \u2013 Huamantla 2025"},"content":{"rendered":"<figure class=\"wp-block-post-featured-image\"><img loading=\"lazy\" decoding=\"async\" width=\"1080\" height=\"1350\" src=\"https:\/\/estado29.mx\/wp-content\/uploads\/2025\/07\/IMG-20250717-WA0045.jpg\" class=\"attachment-post-thumbnail size-post-thumbnail wp-post-image\" alt=\"\" style=\"object-fit:cover;\" srcset=\"https:\/\/estado29.mx\/wp-content\/uploads\/2025\/07\/IMG-20250717-WA0045.jpg 1080w, https:\/\/estado29.mx\/wp-content\/uploads\/2025\/07\/IMG-20250717-WA0045-240x300.jpg 240w, https:\/\/estado29.mx\/wp-content\/uploads\/2025\/07\/IMG-20250717-WA0045-819x1024.jpg 819w, https:\/\/estado29.mx\/wp-content\/uploads\/2025\/07\/IMG-20250717-WA0045-768x960.jpg 768w, https:\/\/estado29.mx\/wp-content\/uploads\/2025\/07\/IMG-20250717-WA0045-750x938.jpg 750w\" sizes=\"auto, (max-width: 1080px) 100vw, 1080px\" \/><\/figure>\n\n\n<p>El Gobierno Municipal de Huamantla, que encabeza el presidente Salvador Santos Cedillo, convoca a instituciones educativas, organizaciones civiles, agrupaciones culturales, art\u00edsticas y a la ciudadan\u00eda en general, a participar en el tradicional Desfile de la Dalia 2025, uno de los eventos m\u00e1s emblem\u00e1ticos de nuestra feria.<\/p>\n\n\n\n<p>Este desfile busca resaltar la riqueza cultural, art\u00edstica y comunitaria de nuestro pueblo m\u00e1gico, siendo un espacio de expresi\u00f3n y orgullo para quienes aman y defienden nuestras tradiciones.<\/p>\n\n\n\n<p>\ud83d\uddd3 Fecha: Domingo 10 de agosto de 2025\ud83d\udd59 Hora de inicio: 10:00 a.m.<\/p>\n\n\n\n<p>\ud83d\udccd Recorrido: Calles principales de Huamantla (se adjunta mapa)<\/p>\n\n\n\n<p>\ud83d\udccc Requisitos: Participaci\u00f3n con vestimenta t\u00edpica, carros aleg\u00f3ricos, comparsas, m\u00fasica o elementos decorativos relacionados con la identidad huamantleca y el tema floral.<\/p>\n\n\n\n<p>\ud83d\udd17 Registro obligatorio:https:\/\/forms.gle\/KCWyXrnEis7btMG79La convocatoria est\u00e1 abierta y cerrar\u00e1 d\u00edas antes del evento. Se les contactar\u00e1 v\u00eda correo electr\u00f3nico o tel\u00e9fono para confirmar su participaci\u00f3n y brindar m\u00e1s detalles log\u00edsticos.\u00a1Vive con nosotros esta fiesta de identidad, color y tradici\u00f3n!#PorAmorAHuamantla \ud83d\udc9a<\/p>\n","protected":false},"excerpt":{"rendered":"<p>El Gobierno Municipal de Huamantla, que encabeza el presidente Salvador Santos Cedillo, convoca a instituciones educativas, organizaciones civiles, agrupaciones culturales, art\u00edsticas y a la ciudadan\u00eda en general, a participar en el tradicional Desfile de la Dalia 2025, uno de los eventos m\u00e1s emblem\u00e1ticos de nuestra feria. Este desfile busca resaltar la riqueza cultural, art\u00edstica y [&hellip;]<\/p>\n","protected":false},"author":9,"featured_media":97516,"comment_status":"open","ping_status":"open","sticky":false,"template":"","format":"standard","meta":{"om_disable_all_campaigns":false,"_monsterinsights_skip_tracking":false,"_monsterinsights_sitenote_active":false,"_monsterinsights_sitenote_note":"","_monsterinsights_sitenote_category":0,"jnews-multi-image_gallery":[],"jnews_single_post":{"format":"standard"},"jnews_primary_category":[],"footnotes":""},"categories":[1],"tags":[],"class_list":["post-97515","post","type-post","status-publish","format-standard","has-post-thumbnail","hentry","category-uncategorized"],"aioseo_notices":[],"_links":{"self":[{"href":"https:\/\/estado29.mx\/index.php?rest_route=\/wp\/v2\/posts\/97515","targetHints":{"allow":["GET"]}}],"collection":[{"href":"https:\/\/estado29.mx\/index.php?rest_route=\/wp\/v2\/posts"}],"about":[{"href":"https:\/\/estado29.mx\/index.php?rest_route=\/wp\/v2\/types\/post"}],"author":[{"embeddable":true,"href":"https:\/\/estado29.mx\/index.php?rest_route=\/wp\/v2\/users\/9"}],"replies":[{"embeddable":true,"href":"https:\/\/estado29.mx\/index.php?rest_route=%2Fwp%2Fv2%2Fcomments&post=97515"}],"version-history":[{"count":1,"href":"https:\/\/estado29.mx\/index.php?rest_route=\/wp\/v2\/posts\/97515\/revisions"}],"predecessor-version":[{"id":97517,"href":"https:\/\/estado29.mx\/index.php?rest_route=\/wp\/v2\/posts\/97515\/revisions\/97517"}],"wp:featuredmedia":[{"embeddable":true,"href":"https:\/\/estado29.mx\/index.php?rest_route=\/wp\/v2\/media\/97516"}],"wp:attachment":[{"href":"https:\/\/estado29.mx\/index.php?rest_route=%2Fwp%2Fv2%2Fmedia&parent=97515"}],"wp:term":[{"taxonomy":"category","embeddable":true,"href":"https:\/\/estado29.mx\/index.php?rest_route=%2Fwp%2Fv2%2Fcategories&post=97515"},{"taxonomy":"post_tag","embeddable":true,"href":"https:\/\/estado29.mx\/index.php?rest_route=%2Fwp%2Fv2%2Ftags&post=97515"}],"curies":[{"name":"wp","href":"https:\/\/api.w.org\/{rel}","templated":true}]}}