{"id":97518,"date":"2025-07-19T22:52:30","date_gmt":"2025-07-19T22:52:30","guid":{"rendered":"https:\/\/estado29.mx\/?p=97518"},"modified":"2025-08-01T01:05:17","modified_gmt":"2025-08-01T01:05:17","slug":"huamantla-sera-sede-de-la-oficina-regional-numero-06-del-registro-civil-en-beneficio-de-la-poblacion-vulnerable-del-oriente-del-estado","status":"publish","type":"post","link":"https:\/\/estado29.mx\/?p=97518","title":{"rendered":"HUAMANTLA SER\u00c1 SEDE DE LA OFICINA REGIONAL N\u00daMERO 06 DEL REGISTRO CIVIL EN BENEFICIO DE LA POBLACI\u00d3N VULNERABLE DEL ORIENTE DEL ESTADO"},"content":{"rendered":"<figure class=\"wp-block-post-featured-image\"><img loading=\"lazy\" decoding=\"async\" width=\"2560\" height=\"1707\" src=\"https:\/\/estado29.mx\/wp-content\/uploads\/2025\/07\/IMG-20250717-WA0350-scaled.jpg\" class=\"attachment-post-thumbnail size-post-thumbnail wp-post-image\" alt=\"\" style=\"object-fit:cover;\" srcset=\"https:\/\/estado29.mx\/wp-content\/uploads\/2025\/07\/IMG-20250717-WA0350-scaled.jpg 2560w, https:\/\/estado29.mx\/wp-content\/uploads\/2025\/07\/IMG-20250717-WA0350-300x200.jpg 300w, https:\/\/estado29.mx\/wp-content\/uploads\/2025\/07\/IMG-20250717-WA0350-1024x683.jpg 1024w, https:\/\/estado29.mx\/wp-content\/uploads\/2025\/07\/IMG-20250717-WA0350-768x512.jpg 768w, https:\/\/estado29.mx\/wp-content\/uploads\/2025\/07\/IMG-20250717-WA0350-1536x1024.jpg 1536w, https:\/\/estado29.mx\/wp-content\/uploads\/2025\/07\/IMG-20250717-WA0350-2048x1366.jpg 2048w, https:\/\/estado29.mx\/wp-content\/uploads\/2025\/07\/IMG-20250717-WA0350-750x500.jpg 750w, https:\/\/estado29.mx\/wp-content\/uploads\/2025\/07\/IMG-20250717-WA0350-1140x760.jpg 1140w\" sizes=\"auto, (max-width: 2560px) 100vw, 2560px\" \/><\/figure>\n\n\n<p>Con el objetivo de acercar los servicios del Registro Civil a la ciudadan\u00eda, el Gobierno Municipal de Huamantla, que encabeza Salvador Santos Cedillo, firm\u00f3 un convenio de coordinaci\u00f3n y colaboraci\u00f3n con la Coordinaci\u00f3n del Registro Civil del Estado de Tlaxcala, para la instalaci\u00f3n y funcionamiento de la Oficina Regional N\u00famero 06 del Registro Civil, con sede en Huamantla.Dicha oficina tendr\u00e1 la facultad de autorizar procedimientos relacionados con los actos del Estado Civil de las Personas, en beneficio directo de los habitantes de los municipios de Ixtenco, Cuapiaxtla, El Carmen Tequexquitla, Zitlaltepec de Trinidad S\u00e1nchez Santos y Huamantla, especialmente para la poblaci\u00f3n en situaci\u00f3n vulnerable.La nueva sede ofrecer\u00e1 atenci\u00f3n para tr\u00e1mites como:Registro Extempor\u00e1neo de NacimientoAclaraciones o Rectificaciones Administrativas de Actas de NacimientoCorrecci\u00f3n de CURP con impacto en la base nacionalCopias certificadas de actas de nacimiento y matrimonioEl Gobierno Municipal brindar\u00e1 el espacio f\u00edsico necesario para el funcionamiento de esta oficina, el cual se ubicar\u00e1 en el Centro Comercial \u201cLas 12 Puertas\u201d, local 56, en Avenida Ju\u00e1rez Sur No. 102, Colonia Centro, Huamantla, Tlaxcala.Durante la firma del convenio participaron:Salvador Santos Cedillo, presidente municipal de HuamantlaDr. V\u00edctor Hugo Mena Hern\u00e1ndez, Director de la Coordinaci\u00f3n del Registro Civil del EstadoC. Brizeyla Iveet Rodr\u00edguez L\u00f3pez, S\u00edndico MunicipalLic. Lorena Rugeiro L\u00f3pez, Jefa del Departamento Jur\u00eddico de la Coordinaci\u00f3n del Registro CivilEn su mensaje, el presidente Salvador Santos Cedillo agradeci\u00f3 profundamente a la gobernadora Lorena Cu\u00e9llar Cisneros por poner sus ojos en Huamantla y en esta importante regi\u00f3n del estado, as\u00ed como al Dr. V\u00edctor Hugo Mena Hern\u00e1ndez por su compromiso y disposici\u00f3n de trabajar en conjunto con el municipio para mejorar la atenci\u00f3n a las familias tlaxcaltecas.Asimismo, se informa a la ciudadan\u00eda que, con motivo del cambio de sede, la Oficial\u00eda del Registro Civil de Huamantla suspender\u00e1 actividades del lunes 21 al viernes 25 de julio, retomando servicios a partir del lunes 28 de julio en su nueva ubicaci\u00f3n.Para tr\u00e1mites urgentes como defunciones y traslados, se ha dispuesto el n\u00famero telef\u00f3nico 247 205 4862 y el canal de atenci\u00f3n mediante la p\u00e1gina oficial de Facebook: Registro Civil Huamantla.Con esta acci\u00f3n, el Gobierno de Huamantla reafirma su voluntad por acercar los servicios esenciales con eficiencia, sensibilidad social y justicia, #PorAmorAHuamantla.<\/p>\n","protected":false},"excerpt":{"rendered":"<p>Con el objetivo de acercar los servicios del Registro Civil a la ciudadan\u00eda, el Gobierno Municipal de Huamantla, que encabeza Salvador Santos Cedillo, firm\u00f3 un convenio de coordinaci\u00f3n y colaboraci\u00f3n con la Coordinaci\u00f3n del Registro Civil del Estado de Tlaxcala, para la instalaci\u00f3n y funcionamiento de la Oficina Regional N\u00famero 06 del Registro Civil, con [&hellip;]<\/p>\n","protected":false},"author":9,"featured_media":97519,"comment_status":"open","ping_status":"open","sticky":false,"template":"","format":"standard","meta":{"om_disable_all_campaigns":false,"_monsterinsights_skip_tracking":false,"_monsterinsights_sitenote_active":false,"_monsterinsights_sitenote_note":"","_monsterinsights_sitenote_category":0,"jnews-multi-image_gallery":[],"jnews_single_post":{"format":"standard"},"jnews_primary_category":[],"footnotes":""},"categories":[1],"tags":[],"class_list":["post-97518","post","type-post","status-publish","format-standard","has-post-thumbnail","hentry","category-uncategorized"],"aioseo_notices":[],"_links":{"self":[{"href":"https:\/\/estado29.mx\/index.php?rest_route=\/wp\/v2\/posts\/97518","targetHints":{"allow":["GET"]}}],"collection":[{"href":"https:\/\/estado29.mx\/index.php?rest_route=\/wp\/v2\/posts"}],"about":[{"href":"https:\/\/estado29.mx\/index.php?rest_route=\/wp\/v2\/types\/post"}],"author":[{"embeddable":true,"href":"https:\/\/estado29.mx\/index.php?rest_route=\/wp\/v2\/users\/9"}],"replies":[{"embeddable":true,"href":"https:\/\/estado29.mx\/index.php?rest_route=%2Fwp%2Fv2%2Fcomments&post=97518"}],"version-history":[{"count":1,"href":"https:\/\/estado29.mx\/index.php?rest_route=\/wp\/v2\/posts\/97518\/revisions"}],"predecessor-version":[{"id":97520,"href":"https:\/\/estado29.mx\/index.php?rest_route=\/wp\/v2\/posts\/97518\/revisions\/97520"}],"wp:featuredmedia":[{"embeddable":true,"href":"https:\/\/estado29.mx\/index.php?rest_route=\/wp\/v2\/media\/97519"}],"wp:attachment":[{"href":"https:\/\/estado29.mx\/index.php?rest_route=%2Fwp%2Fv2%2Fmedia&parent=97518"}],"wp:term":[{"taxonomy":"category","embeddable":true,"href":"https:\/\/estado29.mx\/index.php?rest_route=%2Fwp%2Fv2%2Fcategories&post=97518"},{"taxonomy":"post_tag","embeddable":true,"href":"https:\/\/estado29.mx\/index.php?rest_route=%2Fwp%2Fv2%2Ftags&post=97518"}],"curies":[{"name":"wp","href":"https:\/\/api.w.org\/{rel}","templated":true}]}}