{"id":97524,"date":"2025-07-19T22:58:21","date_gmt":"2025-07-19T22:58:21","guid":{"rendered":"https:\/\/estado29.mx\/?p=97524"},"modified":"2025-08-01T01:05:08","modified_gmt":"2025-08-01T01:05:08","slug":"miguel-bose-llega-a-huamantla-artista-sorpresa-del-festival-de-paellas-en-la-feria-internacional-del-arte-efimero-y-la-dalia-2025","status":"publish","type":"post","link":"https:\/\/estado29.mx\/?p=97524","title":{"rendered":"Miguel Bos\u00e9 llega a Huamantla: artista sorpresa del Festival de Paellas en la Feria Internacional del Arte Ef\u00edmero y la Dalia 2025"},"content":{"rendered":"<figure class=\"wp-block-post-featured-image\"><img loading=\"lazy\" decoding=\"async\" width=\"1080\" height=\"1350\" src=\"https:\/\/estado29.mx\/wp-content\/uploads\/2025\/07\/IMG-20250718-WA0118.jpg\" class=\"attachment-post-thumbnail size-post-thumbnail wp-post-image\" alt=\"\" style=\"object-fit:cover;\" srcset=\"https:\/\/estado29.mx\/wp-content\/uploads\/2025\/07\/IMG-20250718-WA0118.jpg 1080w, https:\/\/estado29.mx\/wp-content\/uploads\/2025\/07\/IMG-20250718-WA0118-240x300.jpg 240w, https:\/\/estado29.mx\/wp-content\/uploads\/2025\/07\/IMG-20250718-WA0118-819x1024.jpg 819w, https:\/\/estado29.mx\/wp-content\/uploads\/2025\/07\/IMG-20250718-WA0118-768x960.jpg 768w, https:\/\/estado29.mx\/wp-content\/uploads\/2025\/07\/IMG-20250718-WA0118-750x938.jpg 750w\" sizes=\"auto, (max-width: 1080px) 100vw, 1080px\" \/><\/figure>\n\n\n<p>El Gobierno Municipal de Huamantla, encabezado por el presidente Salvador Santos Cedillo, anuncia con gran entusiasmo la presentaci\u00f3n estelar del artista internacional Miguel Bos\u00e9, como parte del programa oficial de la Feria Internacional del Arte Ef\u00edmero y la Dalia 2025.La cita ser\u00e1 el s\u00e1bado 16 de agosto, durante la celebraci\u00f3n del tradicional Festival de Paellas, que este a\u00f1o adquiere un car\u00e1cter hist\u00f3rico y sin precedentes.Por primera vez en M\u00e9xico, Huamantla ser\u00e1 sede clasificatoria del Concurs Internacional de Paella Valenciana de Sueca, el certamen gastron\u00f3mico m\u00e1s importante del mundo con m\u00e1s de 64 a\u00f1os de historia. Esto convierte a nuestro festival en semifinal oficial, conectando nuestras ra\u00edces con la cultura valenciana y fortaleciendo nuestra identidad como destino gastron\u00f3mico internacional.Miguel Bos\u00e9, uno de los m\u00e1ximos exponentes de la m\u00fasica en espa\u00f1ol, llegar\u00e1 con su gira internacional \u201cImportante Tour 2025-2026\u201d, para ofrecer un espect\u00e1culo de primer nivel que engalanar\u00e1 esta celebraci\u00f3n que une la tradici\u00f3n, el fuego, la cocina, el campo y la comunidad.\ud83c\udf9f La venta de boletos comenzar\u00e1 este martes 22 a partir de las 11:00 a.m.Los accesos estar\u00e1n disponibles en:Sitio web oficial: www.feriadehuamantla2025.comM\u00f3dulo f\u00edsico frente a la presidencia municipalEl presidente Salvador Santos Cedillo invita a las familias huamantlecas y a visitantes de todo el pa\u00eds a disfrutar de esta experiencia \u00fanica que une cultura, arte y sabor.<\/p>\n","protected":false},"excerpt":{"rendered":"<p>El Gobierno Municipal de Huamantla, encabezado por el presidente Salvador Santos Cedillo, anuncia con gran entusiasmo la presentaci\u00f3n estelar del artista internacional Miguel Bos\u00e9, como parte del programa oficial de la Feria Internacional del Arte Ef\u00edmero y la Dalia 2025.La cita ser\u00e1 el s\u00e1bado 16 de agosto, durante la celebraci\u00f3n del tradicional Festival de Paellas, [&hellip;]<\/p>\n","protected":false},"author":9,"featured_media":97525,"comment_status":"open","ping_status":"open","sticky":false,"template":"","format":"standard","meta":{"om_disable_all_campaigns":false,"_monsterinsights_skip_tracking":false,"_monsterinsights_sitenote_active":false,"_monsterinsights_sitenote_note":"","_monsterinsights_sitenote_category":0,"jnews-multi-image_gallery":[],"jnews_single_post":{"format":"standard"},"jnews_primary_category":[],"footnotes":""},"categories":[1],"tags":[],"class_list":["post-97524","post","type-post","status-publish","format-standard","has-post-thumbnail","hentry","category-uncategorized"],"aioseo_notices":[],"_links":{"self":[{"href":"https:\/\/estado29.mx\/index.php?rest_route=\/wp\/v2\/posts\/97524","targetHints":{"allow":["GET"]}}],"collection":[{"href":"https:\/\/estado29.mx\/index.php?rest_route=\/wp\/v2\/posts"}],"about":[{"href":"https:\/\/estado29.mx\/index.php?rest_route=\/wp\/v2\/types\/post"}],"author":[{"embeddable":true,"href":"https:\/\/estado29.mx\/index.php?rest_route=\/wp\/v2\/users\/9"}],"replies":[{"embeddable":true,"href":"https:\/\/estado29.mx\/index.php?rest_route=%2Fwp%2Fv2%2Fcomments&post=97524"}],"version-history":[{"count":1,"href":"https:\/\/estado29.mx\/index.php?rest_route=\/wp\/v2\/posts\/97524\/revisions"}],"predecessor-version":[{"id":97526,"href":"https:\/\/estado29.mx\/index.php?rest_route=\/wp\/v2\/posts\/97524\/revisions\/97526"}],"wp:featuredmedia":[{"embeddable":true,"href":"https:\/\/estado29.mx\/index.php?rest_route=\/wp\/v2\/media\/97525"}],"wp:attachment":[{"href":"https:\/\/estado29.mx\/index.php?rest_route=%2Fwp%2Fv2%2Fmedia&parent=97524"}],"wp:term":[{"taxonomy":"category","embeddable":true,"href":"https:\/\/estado29.mx\/index.php?rest_route=%2Fwp%2Fv2%2Fcategories&post=97524"},{"taxonomy":"post_tag","embeddable":true,"href":"https:\/\/estado29.mx\/index.php?rest_route=%2Fwp%2Fv2%2Ftags&post=97524"}],"curies":[{"name":"wp","href":"https:\/\/api.w.org\/{rel}","templated":true}]}}