{"id":97537,"date":"2025-07-21T05:37:13","date_gmt":"2025-07-21T05:37:13","guid":{"rendered":"https:\/\/estado29.mx\/?p=97537"},"modified":"2025-08-01T01:12:18","modified_gmt":"2025-08-01T01:12:18","slug":"m4t4n-a-otro-hombre-a-b4l4z0s-en-tequexquitla","status":"publish","type":"post","link":"https:\/\/estado29.mx\/?p=97537","title":{"rendered":"M4t4n a otro hombre a b4l4z0s en Tequexquitla"},"content":{"rendered":"\n<p>Durante esta noche, nuevamente se registr\u00f3 un tr4gic0 hecho en el municipio de El Carmen Tequexquitla, cobrando nuevamente la vida de un masculino.<\/p>\n\n\n\n<p>Los hechos se registraron sobre la calle Benito Ju\u00e1rez esquina con la privada 10 de mayo en la colonia La Soledad en El Carmen Tequexquitla, cuando vecinos solicitaron el apoyo de los cuerpos de seguridad y param\u00e9dicos para valorar a un masculino quien recibi\u00f3 varios impactos con 4rm4 de fuego y se encontraba en la v\u00eda p\u00fablica.<\/p>\n\n\n\n<p>Aunque la informaci\u00f3n contin\u00faa en proceso, param\u00e9dicos confirmaron la ausencia de signos vitales por lo que los elementos de seguridad procedieron a realizar el acordonamiento de la zona.<\/p>\n\n\n\n<p>Ser\u00e1 personal del Instituto de Ciencias Forenses (INCIFO) as\u00ed como de la Fiscal\u00eda General de Justicia del Estado de Tlaxcala (FGJE) quienes realicen el levantamiento del cuerpo y abran la carpeta de investigaci\u00f3n a este hecho que se suma a la serie de h0micidi0s que se ha registrado en las \u00faltimas semanas.<\/p>\n\n\n\n<p>Es importante se\u00f1alar que hace unos d\u00edas autoridades de los 3 \u00f3rdenes de gobierno, como Secretar\u00eda de Seguridad Ciudadana, Guardia Nacional, Ej\u00e9rcito Mexicano y Polic\u00eda Municipal, iniciaron con operativos interinstitucionales a fin de disminuir los \u00edndices de inseguridad que se registran en la zona, sin embargo, no han dado resultados.<\/p>\n","protected":false},"excerpt":{"rendered":"<p>Durante esta noche, nuevamente se registr\u00f3 un tr4gic0 hecho en el municipio de El Carmen Tequexquitla, cobrando nuevamente la vida de un masculino. Los hechos se registraron sobre la calle Benito Ju\u00e1rez esquina con la privada 10 de mayo en la colonia La Soledad en El Carmen Tequexquitla, cuando vecinos solicitaron el apoyo de los [&hellip;]<\/p>\n","protected":false},"author":5,"featured_media":97538,"comment_status":"open","ping_status":"open","sticky":false,"template":"","format":"standard","meta":{"om_disable_all_campaigns":false,"_monsterinsights_skip_tracking":false,"_monsterinsights_sitenote_active":false,"_monsterinsights_sitenote_note":"","_monsterinsights_sitenote_category":0,"jnews-multi-image_gallery":[],"jnews_single_post":{"format":"standard"},"jnews_primary_category":[],"footnotes":""},"categories":[1],"tags":[],"class_list":["post-97537","post","type-post","status-publish","format-standard","has-post-thumbnail","hentry","category-uncategorized"],"aioseo_notices":[],"_links":{"self":[{"href":"https:\/\/estado29.mx\/index.php?rest_route=\/wp\/v2\/posts\/97537","targetHints":{"allow":["GET"]}}],"collection":[{"href":"https:\/\/estado29.mx\/index.php?rest_route=\/wp\/v2\/posts"}],"about":[{"href":"https:\/\/estado29.mx\/index.php?rest_route=\/wp\/v2\/types\/post"}],"author":[{"embeddable":true,"href":"https:\/\/estado29.mx\/index.php?rest_route=\/wp\/v2\/users\/5"}],"replies":[{"embeddable":true,"href":"https:\/\/estado29.mx\/index.php?rest_route=%2Fwp%2Fv2%2Fcomments&post=97537"}],"version-history":[{"count":1,"href":"https:\/\/estado29.mx\/index.php?rest_route=\/wp\/v2\/posts\/97537\/revisions"}],"predecessor-version":[{"id":97539,"href":"https:\/\/estado29.mx\/index.php?rest_route=\/wp\/v2\/posts\/97537\/revisions\/97539"}],"wp:featuredmedia":[{"embeddable":true,"href":"https:\/\/estado29.mx\/index.php?rest_route=\/wp\/v2\/media\/97538"}],"wp:attachment":[{"href":"https:\/\/estado29.mx\/index.php?rest_route=%2Fwp%2Fv2%2Fmedia&parent=97537"}],"wp:term":[{"taxonomy":"category","embeddable":true,"href":"https:\/\/estado29.mx\/index.php?rest_route=%2Fwp%2Fv2%2Fcategories&post=97537"},{"taxonomy":"post_tag","embeddable":true,"href":"https:\/\/estado29.mx\/index.php?rest_route=%2Fwp%2Fv2%2Ftags&post=97537"}],"curies":[{"name":"wp","href":"https:\/\/api.w.org\/{rel}","templated":true}]}}