{"id":97549,"date":"2025-07-21T13:20:30","date_gmt":"2025-07-21T13:20:30","guid":{"rendered":"https:\/\/estado29.mx\/?p=97549"},"modified":"2025-08-01T01:12:09","modified_gmt":"2025-08-01T01:12:09","slug":"en-tlaxcala-cada-protesis-entregada-es-una-declaracion-de-derechos-de-autonomia-y-amor-propio-recuperados","status":"publish","type":"post","link":"https:\/\/estado29.mx\/?p=97549","title":{"rendered":"En Tlaxcala, cada pr\u00f3tesis entregada es una declaraci\u00f3n de derechos de autonom\u00eda y amor propio recuperados"},"content":{"rendered":"\n<p><\/p>\n\n\n\n<p>*Don Te\u00f3filo, despu\u00e9s de m\u00e1s de dos d\u00e9cadas, volvi\u00f3 a ser testigo de un gobierno sensible, gracias a la administraci\u00f3n de la mandataria Lorena Cu\u00e9llar<\/p>\n\n\n\n<p>Gracias al liderazgo de la gobernadora Lorena Cu\u00e9llar Cisneros, en el estado de Tlaxcala se impulsan pol\u00edticas con profundo sentido humano que cambian realidades y otorgan herramientas a las personas con discapacidad que representan mucho m\u00e1s que un apoyo m\u00e9dico: el derecho de volver a moverse con libertad y esperanza.<\/p>\n\n\n\n<p>\u201cCada pr\u00f3tesis entregada no es solo un dispositivo, es una declaraci\u00f3n de derechos, de autonom\u00eda y de amor propio recuperado. As\u00ed es como se avanza en Tlaxcala: caminando juntos hacia una sociedad m\u00e1s justa e incluyente\u201d, expres\u00f3 Mar\u00eda Estela \u00c1lvarez Corona, titular de la Secretar\u00eda de Bienestar.<\/p>\n\n\n\n<p>El acompa\u00f1amiento permanente permite que cada beneficiaria y beneficiario aproveche al maximo las pr\u00f3tesis entregadas garantizando su inclusi\u00f3n social.<\/p>\n\n\n\n<p>Las historias de quienes reciben este apoyo son tambi\u00e9n las historias de Tlaxcala: personas que, tras enfrentar desaf\u00edos de salud, encuentran en este programa una nueva oportunidad para integrarse plenamente a su entorno familiar, laboral y social.<\/p>\n\n\n\n<p>Como la de Don Te\u00f3filo que despu\u00e9s de m\u00e1s de dos d\u00e9cadas volvi\u00f3 a ser testigo de lo que puede lograr un gobierno sensible cuando decide mirar de frente a quienes m\u00e1s lo necesitan.<\/p>\n\n\n\n<p>Tras 25 a\u00f1os, recibi\u00f3 del gobierno estatal una nueva pr\u00f3tesis que, como \u00e9l mismo lo dice, le permite seguir sembrando, trabajando y caminando la vida.<\/p>\n\n\n\n<p>&#8220;Hace muchos a\u00f1os Lorena Cu\u00e9llar antes de ser gobernadora me dio una pr\u00f3tesis con la que pude salir adelante con mis hijos&#8230; y hoy, tantos a\u00f1os despu\u00e9s, vuelvo a recibir este apoyo. Estoy profundamente agradecido&#8221; comparti\u00f3.<\/p>\n\n\n\n<p>La historia de Don Te\u00f3filo es la de miles de personas que han resistido con esfuerzo diario y sin bajar la mirada.<\/p>\n\n\n\n<p>Desde su peque\u00f1o huerto, donde cultiva con dedicaci\u00f3n, \u00e9l ha demostrado que la discapacidad no es una barrera, sino un motivo para reinventarse. Su mensaje es claro: no se trata solo de recibir una pr\u00f3tesis, sino de usarla, cuidarla y honrar el esfuerzo de quienes hacen posible este tipo de apoyos.<\/p>\n\n\n\n<p>&#8220;No hay que dejarla arrumbada. Hay que usarla, moverla. Darle servicio&#8230; porque si no, \u00bfde qu\u00e9 sirve tanto esfuerzo? Nosotros, como personas discapacitadas, debemos andar limpios, bien arreglados. No estamos para dar l\u00e1stima, estamos para demostrar que s\u00ed podemos&#8221;, afirm\u00f3.<\/p>\n\n\n\n<p>Este testimonio se convierte en s\u00edmbolo vivo de que la transformaci\u00f3n social s\u00ed es posible cuando se gobierna con empat\u00eda, con acciones que cambian realidades y que devuelven fuerza a quienes durante a\u00f1os han esperado ser visibilizados.<\/p>\n\n\n\n<p>La voz de&nbsp; Don Te\u00f3filo sigue resonando como un llamado a la acci\u00f3n: &#8220;Gracias, gobernadora. Gracias a todos los que lo hicieron posible. Hoy puedo seguir en pie, seguir sembrando, seguir viviendo&#8221;, concluy\u00f3.<\/p>\n\n\n\n<p>Cabe mencionar que la segunda entrega de pr\u00f3tesis de miembros inferiores que encabez\u00f3 la gobernadora Lorena Cu\u00e9llar est\u00e1 semana evidencia que, en Tlaxcala, el bienestar se construye con empat\u00eda y justicia social.<\/p>\n\n\n\n<p>Este a\u00f1o del programa &#8220;Ayudas Funcionales para Personas con Discapacidad&#8221; entregar\u00e1 37 pr\u00f3tesis, 27&nbsp; transfemorales y 10 transtibiales, como parte de una estrategia integral que incluye evaluaci\u00f3n m\u00e9dica especializada, fabricaci\u00f3n personalizada, rehabilitaci\u00f3n f\u00edsica y acompa\u00f1amiento en el proceso de adaptaci\u00f3n.<\/p>\n","protected":false},"excerpt":{"rendered":"<p>*Don Te\u00f3filo, despu\u00e9s de m\u00e1s de dos d\u00e9cadas, volvi\u00f3 a ser testigo de un gobierno sensible, gracias a la administraci\u00f3n de la mandataria Lorena Cu\u00e9llar Gracias al liderazgo de la gobernadora Lorena Cu\u00e9llar Cisneros, en el estado de Tlaxcala se impulsan pol\u00edticas con profundo sentido humano que cambian realidades y otorgan herramientas a las personas [&hellip;]<\/p>\n","protected":false},"author":4,"featured_media":97550,"comment_status":"open","ping_status":"open","sticky":false,"template":"","format":"standard","meta":{"om_disable_all_campaigns":false,"_monsterinsights_skip_tracking":false,"_monsterinsights_sitenote_active":false,"_monsterinsights_sitenote_note":"","_monsterinsights_sitenote_category":0,"jnews-multi-image_gallery":[],"jnews_single_post":{"format":"standard"},"jnews_primary_category":[],"footnotes":""},"categories":[1],"tags":[],"class_list":["post-97549","post","type-post","status-publish","format-standard","has-post-thumbnail","hentry","category-uncategorized"],"aioseo_notices":[],"_links":{"self":[{"href":"https:\/\/estado29.mx\/index.php?rest_route=\/wp\/v2\/posts\/97549","targetHints":{"allow":["GET"]}}],"collection":[{"href":"https:\/\/estado29.mx\/index.php?rest_route=\/wp\/v2\/posts"}],"about":[{"href":"https:\/\/estado29.mx\/index.php?rest_route=\/wp\/v2\/types\/post"}],"author":[{"embeddable":true,"href":"https:\/\/estado29.mx\/index.php?rest_route=\/wp\/v2\/users\/4"}],"replies":[{"embeddable":true,"href":"https:\/\/estado29.mx\/index.php?rest_route=%2Fwp%2Fv2%2Fcomments&post=97549"}],"version-history":[{"count":1,"href":"https:\/\/estado29.mx\/index.php?rest_route=\/wp\/v2\/posts\/97549\/revisions"}],"predecessor-version":[{"id":97551,"href":"https:\/\/estado29.mx\/index.php?rest_route=\/wp\/v2\/posts\/97549\/revisions\/97551"}],"wp:featuredmedia":[{"embeddable":true,"href":"https:\/\/estado29.mx\/index.php?rest_route=\/wp\/v2\/media\/97550"}],"wp:attachment":[{"href":"https:\/\/estado29.mx\/index.php?rest_route=%2Fwp%2Fv2%2Fmedia&parent=97549"}],"wp:term":[{"taxonomy":"category","embeddable":true,"href":"https:\/\/estado29.mx\/index.php?rest_route=%2Fwp%2Fv2%2Fcategories&post=97549"},{"taxonomy":"post_tag","embeddable":true,"href":"https:\/\/estado29.mx\/index.php?rest_route=%2Fwp%2Fv2%2Ftags&post=97549"}],"curies":[{"name":"wp","href":"https:\/\/api.w.org\/{rel}","templated":true}]}}