{"id":97569,"date":"2025-07-22T23:28:19","date_gmt":"2025-07-22T23:28:19","guid":{"rendered":"https:\/\/estado29.mx\/?p=97569"},"modified":"2025-08-01T01:22:06","modified_gmt":"2025-08-01T01:22:06","slug":"la-pregonera-del-rey-revive-la-memoria-historica-previo-a-los-festejos-por-los-500-anos-de-la-fundacion-de-la-ciudad","status":"publish","type":"post","link":"https:\/\/estado29.mx\/?p=97569","title":{"rendered":"LA PREGONERA DEL REY REVIVE LA MEMORIA HIST\u00d3RICA PREVIO A LOS FESTEJOS POR LOS 500 A\u00d1OS DE LA FUNDACI\u00d3N DE LA CIUDAD"},"content":{"rendered":"<figure class=\"wp-block-post-featured-image\"><img loading=\"lazy\" decoding=\"async\" width=\"1280\" height=\"855\" src=\"https:\/\/estado29.mx\/wp-content\/uploads\/2025\/07\/WhatsApp-Image-2025-07-21-at-7.26.51-AM.jpeg\" class=\"attachment-post-thumbnail size-post-thumbnail wp-post-image\" alt=\"\" style=\"object-fit:cover;\" srcset=\"https:\/\/estado29.mx\/wp-content\/uploads\/2025\/07\/WhatsApp-Image-2025-07-21-at-7.26.51-AM.jpeg 1280w, https:\/\/estado29.mx\/wp-content\/uploads\/2025\/07\/WhatsApp-Image-2025-07-21-at-7.26.51-AM-300x200.jpeg 300w, https:\/\/estado29.mx\/wp-content\/uploads\/2025\/07\/WhatsApp-Image-2025-07-21-at-7.26.51-AM-1024x684.jpeg 1024w, https:\/\/estado29.mx\/wp-content\/uploads\/2025\/07\/WhatsApp-Image-2025-07-21-at-7.26.51-AM-768x513.jpeg 768w, https:\/\/estado29.mx\/wp-content\/uploads\/2025\/07\/WhatsApp-Image-2025-07-21-at-7.26.51-AM-750x501.jpeg 750w, https:\/\/estado29.mx\/wp-content\/uploads\/2025\/07\/WhatsApp-Image-2025-07-21-at-7.26.51-AM-1140x761.jpeg 1140w\" sizes=\"auto, (max-width: 1280px) 100vw, 1280px\" \/><\/figure>\n\n\n<p>Esta actividad es organizada por el Departamento de Cultura del gobierno municipal de Tlaxcala<\/p>\n\n\n\n<p>A la vieja usanza, ayer martes, La Pregonera del Rey inform\u00f3 a familias tlaxcaltecas y visitantes las noticias m\u00e1s importantes que cronol\u00f3gicamente se han suscitado desde hace medio siglo a la fecha en esta ciudad.<\/p>\n\n\n\n<p>Dicha actividad cultural, organizada por el Ayuntamiento de Tlaxcala, que preside Alfonso S\u00e1nchez Garc\u00eda, a trav\u00e9s del Departamento de Cultura, es un pre\u00e1mbulo de las actividades conmemorativas a los 500 a\u00f1os de la fundaci\u00f3n de la ciudad.<\/p>\n\n\n\n<p>Ataviada al estilo renacentista, La Pregonera del Rey recorri\u00f3 los cuatro puntos cardinales del centro hist\u00f3rico con campana en mano para anunciar las noticias. Ya frente al Palacio Municipal cit\u00f3 los hechos m\u00e1s importantes que tuvieron lugar en la ciudad desde hace medio siglo.<\/p>\n\n\n\n<p>Por la tarde, en punto de las 17:00 horas, La Pregonera del Rey comparti\u00f3 una vez m\u00e1s las novedades ante la ciudadan\u00eda y turistas, quienes se reunieron en la plaza para escucharla y vivir esta experiencia centenaria.<\/p>\n","protected":false},"excerpt":{"rendered":"<p>Esta actividad es organizada por el Departamento de Cultura del gobierno municipal de Tlaxcala A la vieja usanza, ayer martes, La Pregonera del Rey inform\u00f3 a familias tlaxcaltecas y visitantes las noticias m\u00e1s importantes que cronol\u00f3gicamente se han suscitado desde hace medio siglo a la fecha en esta ciudad. Dicha actividad cultural, organizada por el [&hellip;]<\/p>\n","protected":false},"author":4,"featured_media":97570,"comment_status":"open","ping_status":"open","sticky":false,"template":"","format":"standard","meta":{"om_disable_all_campaigns":false,"_monsterinsights_skip_tracking":false,"_monsterinsights_sitenote_active":false,"_monsterinsights_sitenote_note":"","_monsterinsights_sitenote_category":0,"jnews-multi-image_gallery":[],"jnews_single_post":{"format":"standard"},"jnews_primary_category":[],"footnotes":""},"categories":[1],"tags":[],"class_list":["post-97569","post","type-post","status-publish","format-standard","has-post-thumbnail","hentry","category-uncategorized"],"aioseo_notices":[],"_links":{"self":[{"href":"https:\/\/estado29.mx\/index.php?rest_route=\/wp\/v2\/posts\/97569","targetHints":{"allow":["GET"]}}],"collection":[{"href":"https:\/\/estado29.mx\/index.php?rest_route=\/wp\/v2\/posts"}],"about":[{"href":"https:\/\/estado29.mx\/index.php?rest_route=\/wp\/v2\/types\/post"}],"author":[{"embeddable":true,"href":"https:\/\/estado29.mx\/index.php?rest_route=\/wp\/v2\/users\/4"}],"replies":[{"embeddable":true,"href":"https:\/\/estado29.mx\/index.php?rest_route=%2Fwp%2Fv2%2Fcomments&post=97569"}],"version-history":[{"count":1,"href":"https:\/\/estado29.mx\/index.php?rest_route=\/wp\/v2\/posts\/97569\/revisions"}],"predecessor-version":[{"id":97571,"href":"https:\/\/estado29.mx\/index.php?rest_route=\/wp\/v2\/posts\/97569\/revisions\/97571"}],"wp:featuredmedia":[{"embeddable":true,"href":"https:\/\/estado29.mx\/index.php?rest_route=\/wp\/v2\/media\/97570"}],"wp:attachment":[{"href":"https:\/\/estado29.mx\/index.php?rest_route=%2Fwp%2Fv2%2Fmedia&parent=97569"}],"wp:term":[{"taxonomy":"category","embeddable":true,"href":"https:\/\/estado29.mx\/index.php?rest_route=%2Fwp%2Fv2%2Fcategories&post=97569"},{"taxonomy":"post_tag","embeddable":true,"href":"https:\/\/estado29.mx\/index.php?rest_route=%2Fwp%2Fv2%2Ftags&post=97569"}],"curies":[{"name":"wp","href":"https:\/\/api.w.org\/{rel}","templated":true}]}}