{"id":97579,"date":"2025-07-22T23:31:09","date_gmt":"2025-07-22T23:31:09","guid":{"rendered":"https:\/\/estado29.mx\/?p=97579"},"modified":"2025-08-01T01:21:51","modified_gmt":"2025-08-01T01:21:51","slug":"reconocen-en-peru-la-vision-academica-del-rector-de-la-uatx","status":"publish","type":"post","link":"https:\/\/estado29.mx\/?p=97579","title":{"rendered":"Reconocen en Per\u00fa la visi\u00f3n acad\u00e9mica del Rector de la UATx"},"content":{"rendered":"<figure class=\"wp-block-post-featured-image\"><img loading=\"lazy\" decoding=\"async\" width=\"1280\" height=\"960\" src=\"https:\/\/estado29.mx\/wp-content\/uploads\/2025\/07\/12-Reconocen-en-Peru-la-vision-academica-del-Rector-de-la-UATx.jpeg\" class=\"attachment-post-thumbnail size-post-thumbnail wp-post-image\" alt=\"\" style=\"object-fit:cover;\" srcset=\"https:\/\/estado29.mx\/wp-content\/uploads\/2025\/07\/12-Reconocen-en-Peru-la-vision-academica-del-Rector-de-la-UATx.jpeg 1280w, https:\/\/estado29.mx\/wp-content\/uploads\/2025\/07\/12-Reconocen-en-Peru-la-vision-academica-del-Rector-de-la-UATx-300x225.jpeg 300w, https:\/\/estado29.mx\/wp-content\/uploads\/2025\/07\/12-Reconocen-en-Peru-la-vision-academica-del-Rector-de-la-UATx-1024x768.jpeg 1024w, https:\/\/estado29.mx\/wp-content\/uploads\/2025\/07\/12-Reconocen-en-Peru-la-vision-academica-del-Rector-de-la-UATx-768x576.jpeg 768w, https:\/\/estado29.mx\/wp-content\/uploads\/2025\/07\/12-Reconocen-en-Peru-la-vision-academica-del-Rector-de-la-UATx-750x563.jpeg 750w, https:\/\/estado29.mx\/wp-content\/uploads\/2025\/07\/12-Reconocen-en-Peru-la-vision-academica-del-Rector-de-la-UATx-1140x855.jpeg 1140w\" sizes=\"auto, (max-width: 1280px) 100vw, 1280px\" \/><\/figure>\n\n\n<p>El Doctor Seraf\u00edn Ortiz Ortiz, Rector de la Universidad Aut\u00f3noma de Tlaxcala (UATx), galardonado al concluir su conferencia del Modelo Humanista Integrador basado en Capacidades (MHIC), en compa\u00f1\u00eda de la Doctora Lida Violeta Ascencios, Rectora de la Universidad Nacional de Educaci\u00f3n (UNE) y Presidenta de la Asociaci\u00f3n de Universidades del Per\u00fa (ASUP); del Magister Esdras Medina, Congresista Presidente de la Comisi\u00f3n de Educaci\u00f3n del H. Congreso del Per\u00fa; y de la Doctora Mar\u00eda del Pilar Tello, prestigiada Polit\u00f3loga.<\/p>\n","protected":false},"excerpt":{"rendered":"<p>El Doctor Seraf\u00edn Ortiz Ortiz, Rector de la Universidad Aut\u00f3noma de Tlaxcala (UATx), galardonado al concluir su conferencia del Modelo Humanista Integrador basado en Capacidades (MHIC), en compa\u00f1\u00eda de la Doctora Lida Violeta Ascencios, Rectora de la Universidad Nacional de Educaci\u00f3n (UNE) y Presidenta de la Asociaci\u00f3n de Universidades del Per\u00fa (ASUP); del Magister Esdras [&hellip;]<\/p>\n","protected":false},"author":9,"featured_media":97580,"comment_status":"open","ping_status":"open","sticky":false,"template":"","format":"standard","meta":{"om_disable_all_campaigns":false,"_monsterinsights_skip_tracking":false,"_monsterinsights_sitenote_active":false,"_monsterinsights_sitenote_note":"","_monsterinsights_sitenote_category":0,"jnews-multi-image_gallery":[],"jnews_single_post":{"format":"standard"},"jnews_primary_category":[],"footnotes":""},"categories":[1],"tags":[],"class_list":["post-97579","post","type-post","status-publish","format-standard","has-post-thumbnail","hentry","category-uncategorized"],"aioseo_notices":[],"_links":{"self":[{"href":"https:\/\/estado29.mx\/index.php?rest_route=\/wp\/v2\/posts\/97579","targetHints":{"allow":["GET"]}}],"collection":[{"href":"https:\/\/estado29.mx\/index.php?rest_route=\/wp\/v2\/posts"}],"about":[{"href":"https:\/\/estado29.mx\/index.php?rest_route=\/wp\/v2\/types\/post"}],"author":[{"embeddable":true,"href":"https:\/\/estado29.mx\/index.php?rest_route=\/wp\/v2\/users\/9"}],"replies":[{"embeddable":true,"href":"https:\/\/estado29.mx\/index.php?rest_route=%2Fwp%2Fv2%2Fcomments&post=97579"}],"version-history":[{"count":1,"href":"https:\/\/estado29.mx\/index.php?rest_route=\/wp\/v2\/posts\/97579\/revisions"}],"predecessor-version":[{"id":97581,"href":"https:\/\/estado29.mx\/index.php?rest_route=\/wp\/v2\/posts\/97579\/revisions\/97581"}],"wp:featuredmedia":[{"embeddable":true,"href":"https:\/\/estado29.mx\/index.php?rest_route=\/wp\/v2\/media\/97580"}],"wp:attachment":[{"href":"https:\/\/estado29.mx\/index.php?rest_route=%2Fwp%2Fv2%2Fmedia&parent=97579"}],"wp:term":[{"taxonomy":"category","embeddable":true,"href":"https:\/\/estado29.mx\/index.php?rest_route=%2Fwp%2Fv2%2Fcategories&post=97579"},{"taxonomy":"post_tag","embeddable":true,"href":"https:\/\/estado29.mx\/index.php?rest_route=%2Fwp%2Fv2%2Ftags&post=97579"}],"curies":[{"name":"wp","href":"https:\/\/api.w.org\/{rel}","templated":true}]}}