{"id":97594,"date":"2025-07-22T23:37:58","date_gmt":"2025-07-22T23:37:58","guid":{"rendered":"https:\/\/estado29.mx\/?p=97594"},"modified":"2025-08-01T01:21:14","modified_gmt":"2025-08-01T01:21:14","slug":"apadrina-rector-de-la-uatx-a-generacion-de-primaria-de-la-escuela-ignacio-manuel-altamirano","status":"publish","type":"post","link":"https:\/\/estado29.mx\/?p=97594","title":{"rendered":"Apadrina Rector de la UATx a generaci\u00f3n de primaria de la Escuela \u201cIgnacio Manuel Altamirano\u201d"},"content":{"rendered":"<figure class=\"wp-block-post-featured-image\"><img loading=\"lazy\" decoding=\"async\" width=\"1370\" height=\"913\" src=\"https:\/\/estado29.mx\/wp-content\/uploads\/2025\/07\/16-Apadrina-Rector-de-la-UATx-a-generacion-de-primaria-3.jpeg\" class=\"attachment-post-thumbnail size-post-thumbnail wp-post-image\" alt=\"\" style=\"object-fit:cover;\" srcset=\"https:\/\/estado29.mx\/wp-content\/uploads\/2025\/07\/16-Apadrina-Rector-de-la-UATx-a-generacion-de-primaria-3.jpeg 1370w, https:\/\/estado29.mx\/wp-content\/uploads\/2025\/07\/16-Apadrina-Rector-de-la-UATx-a-generacion-de-primaria-3-300x200.jpeg 300w, https:\/\/estado29.mx\/wp-content\/uploads\/2025\/07\/16-Apadrina-Rector-de-la-UATx-a-generacion-de-primaria-3-1024x682.jpeg 1024w, https:\/\/estado29.mx\/wp-content\/uploads\/2025\/07\/16-Apadrina-Rector-de-la-UATx-a-generacion-de-primaria-3-768x512.jpeg 768w, https:\/\/estado29.mx\/wp-content\/uploads\/2025\/07\/16-Apadrina-Rector-de-la-UATx-a-generacion-de-primaria-3-750x500.jpeg 750w, https:\/\/estado29.mx\/wp-content\/uploads\/2025\/07\/16-Apadrina-Rector-de-la-UATx-a-generacion-de-primaria-3-1140x760.jpeg 1140w\" sizes=\"auto, (max-width: 1370px) 100vw, 1370px\" \/><\/figure>\n\n\n<p>En M\u00e9xico tenemos que lograr que los ni\u00f1os respeten los valores que nos han permitido existir en esta vida colectiva y la educaci\u00f3n sirve para formar y preparar a hombres y mujeres de bien, afirm\u00f3 el Doctor Seraf\u00edn Ortiz Ortiz, Rector de la Universidad Aut\u00f3noma de Tlaxcala (UATx), al acompa\u00f1ar como padrino a 52 estudiantes de la Escuela &#8220;Ignacio Manuel Altamirano&#8221; de la generaci\u00f3n 2019-2025, quienes culminaci\u00f3n sus estudios de primaria.<\/p>\n\n\n\n<p>La sede de esta ceremonia de graduaci\u00f3n fue el Teatro Universitario con la presencia de padres de familia, directivos de la escuela primaria, de la zona 048, representantes de la sociedad de padres y de la secci\u00f3n 31 del SNTE. Ante esta audiencia, el Rector de la UATx reconoci\u00f3 la labor que llevan a cabo los progenitores al trazar una trayectoria educativa para sus hijos con base en su esfuerzo y el trabajo cotidiano, hecho que les permiti\u00f3 comprender la tarea que efectuaron para concluir con esta etapa de ense\u00f1anza b\u00e1sica.<\/p>\n\n\n\n<p>El Doctor Ortiz afirm\u00f3 que la misi\u00f3n de las y los ni\u00f1os es divertirse, jugar y respetar a sus padres, pero, sobre todo, su trabajo del d\u00eda a d\u00eda es aprender, leer e incorporar conocimientos nuevos, por ello, como Rector y padrino de esta generaci\u00f3n ofreci\u00f3 apoyarles en sus aspiraciones de seguir estudiando y lograr ejercer una profesi\u00f3n.<\/p>\n\n\n\n<p>Por su parte, la Maestra Br\u00edgida P\u00e9rez Carro, Directora de la Primaria \u201cIgnacio Manuel Altamirano\u201d, manifest\u00f3 que este momento es muy representativo porque cierran una etapa de su vida y hoy despiden a una generaci\u00f3n llena de sue\u00f1os, con valores y corazones grandes, para dar un nuevo paso en su historia. Agradeci\u00f3 a los padres por haberles confiado la formaci\u00f3n de sus hijos y reconoci\u00f3 el trabajo de los docentes, quienes a lo largo de estos seis a\u00f1os fueron contenci\u00f3n, gu\u00edas y ejemplo para cada uno de ellos.<\/p>\n\n\n\n<p>En su oportunidad, Keysha Barrios V\u00e1zquez, en representaci\u00f3n de sus compa\u00f1eros, dijo que la formaci\u00f3n que adquirieron les permiti\u00f3 construir bases s\u00f3lidas para seguir adelante, porque aqu\u00ed comprendieron el significado de la amistad, la alegr\u00eda y la confianza, adem\u00e1s, los consejos y ense\u00f1anzas de sus docentes siempre les acompa\u00f1ar\u00e1n al enfrentar los retos que les esperan hasta concluir sus estudios superiores.<\/p>\n","protected":false},"excerpt":{"rendered":"<p>En M\u00e9xico tenemos que lograr que los ni\u00f1os respeten los valores que nos han permitido existir en esta vida colectiva y la educaci\u00f3n sirve para formar y preparar a hombres y mujeres de bien, afirm\u00f3 el Doctor Seraf\u00edn Ortiz Ortiz, Rector de la Universidad Aut\u00f3noma de Tlaxcala (UATx), al acompa\u00f1ar como padrino a 52 estudiantes [&hellip;]<\/p>\n","protected":false},"author":9,"featured_media":97595,"comment_status":"open","ping_status":"open","sticky":false,"template":"","format":"standard","meta":{"om_disable_all_campaigns":false,"_monsterinsights_skip_tracking":false,"_monsterinsights_sitenote_active":false,"_monsterinsights_sitenote_note":"","_monsterinsights_sitenote_category":0,"jnews-multi-image_gallery":[],"jnews_single_post":{"format":"standard"},"jnews_primary_category":[],"footnotes":""},"categories":[1],"tags":[],"class_list":["post-97594","post","type-post","status-publish","format-standard","has-post-thumbnail","hentry","category-uncategorized"],"aioseo_notices":[],"_links":{"self":[{"href":"https:\/\/estado29.mx\/index.php?rest_route=\/wp\/v2\/posts\/97594","targetHints":{"allow":["GET"]}}],"collection":[{"href":"https:\/\/estado29.mx\/index.php?rest_route=\/wp\/v2\/posts"}],"about":[{"href":"https:\/\/estado29.mx\/index.php?rest_route=\/wp\/v2\/types\/post"}],"author":[{"embeddable":true,"href":"https:\/\/estado29.mx\/index.php?rest_route=\/wp\/v2\/users\/9"}],"replies":[{"embeddable":true,"href":"https:\/\/estado29.mx\/index.php?rest_route=%2Fwp%2Fv2%2Fcomments&post=97594"}],"version-history":[{"count":1,"href":"https:\/\/estado29.mx\/index.php?rest_route=\/wp\/v2\/posts\/97594\/revisions"}],"predecessor-version":[{"id":97596,"href":"https:\/\/estado29.mx\/index.php?rest_route=\/wp\/v2\/posts\/97594\/revisions\/97596"}],"wp:featuredmedia":[{"embeddable":true,"href":"https:\/\/estado29.mx\/index.php?rest_route=\/wp\/v2\/media\/97595"}],"wp:attachment":[{"href":"https:\/\/estado29.mx\/index.php?rest_route=%2Fwp%2Fv2%2Fmedia&parent=97594"}],"wp:term":[{"taxonomy":"category","embeddable":true,"href":"https:\/\/estado29.mx\/index.php?rest_route=%2Fwp%2Fv2%2Fcategories&post=97594"},{"taxonomy":"post_tag","embeddable":true,"href":"https:\/\/estado29.mx\/index.php?rest_route=%2Fwp%2Fv2%2Ftags&post=97594"}],"curies":[{"name":"wp","href":"https:\/\/api.w.org\/{rel}","templated":true}]}}