{"id":97597,"date":"2025-07-22T23:38:56","date_gmt":"2025-07-22T23:38:56","guid":{"rendered":"https:\/\/estado29.mx\/?p=97597"},"modified":"2025-08-01T01:21:10","modified_gmt":"2025-08-01T01:21:10","slug":"inicio-en-derecho-uatx-seminario-mhic-otono-2025-de-actualizacion-docente","status":"publish","type":"post","link":"https:\/\/estado29.mx\/?p=97597","title":{"rendered":"Inici\u00f3 en Derecho UATx Seminario MHIC Oto\u00f1o 2025 de Actualizaci\u00f3n Docente"},"content":{"rendered":"<figure class=\"wp-block-post-featured-image\"><img loading=\"lazy\" decoding=\"async\" width=\"2560\" height=\"1706\" src=\"https:\/\/estado29.mx\/wp-content\/uploads\/2025\/07\/17-Inicio-en-Derecho-UATx-Seminario-MHIC-Otono-2025-de-Actualizacion-Docente-1-scaled.jpg\" class=\"attachment-post-thumbnail size-post-thumbnail wp-post-image\" alt=\"\" style=\"object-fit:cover;\" srcset=\"https:\/\/estado29.mx\/wp-content\/uploads\/2025\/07\/17-Inicio-en-Derecho-UATx-Seminario-MHIC-Otono-2025-de-Actualizacion-Docente-1-scaled.jpg 2560w, https:\/\/estado29.mx\/wp-content\/uploads\/2025\/07\/17-Inicio-en-Derecho-UATx-Seminario-MHIC-Otono-2025-de-Actualizacion-Docente-1-300x200.jpg 300w, https:\/\/estado29.mx\/wp-content\/uploads\/2025\/07\/17-Inicio-en-Derecho-UATx-Seminario-MHIC-Otono-2025-de-Actualizacion-Docente-1-1024x682.jpg 1024w, https:\/\/estado29.mx\/wp-content\/uploads\/2025\/07\/17-Inicio-en-Derecho-UATx-Seminario-MHIC-Otono-2025-de-Actualizacion-Docente-1-768x512.jpg 768w, https:\/\/estado29.mx\/wp-content\/uploads\/2025\/07\/17-Inicio-en-Derecho-UATx-Seminario-MHIC-Otono-2025-de-Actualizacion-Docente-1-1536x1024.jpg 1536w, https:\/\/estado29.mx\/wp-content\/uploads\/2025\/07\/17-Inicio-en-Derecho-UATx-Seminario-MHIC-Otono-2025-de-Actualizacion-Docente-1-2048x1365.jpg 2048w, https:\/\/estado29.mx\/wp-content\/uploads\/2025\/07\/17-Inicio-en-Derecho-UATx-Seminario-MHIC-Otono-2025-de-Actualizacion-Docente-1-750x500.jpg 750w, https:\/\/estado29.mx\/wp-content\/uploads\/2025\/07\/17-Inicio-en-Derecho-UATx-Seminario-MHIC-Otono-2025-de-Actualizacion-Docente-1-1140x760.jpg 1140w\" sizes=\"auto, (max-width: 2560px) 100vw, 2560px\" \/><\/figure>\n\n\n<p>\u00fc Avanzamos dentro y fuera del pa\u00eds posicionando nuestro modelo educativo: Rector<\/p>\n\n\n\n<p>A 25 a\u00f1os de su creaci\u00f3n el Modelo Humanista Integrador basado en Capacidades (MHIC) se posiciona como un constructo republicano, porque ha sido socializado en diferentes estados del pa\u00eds y es visto con benepl\u00e1cito en Am\u00e9rica Latina, consider\u00f3 el Doctor Seraf\u00edn Ortiz Ortiz, Rector de la Universidad Aut\u00f3noma de Tlaxcala (UATx), al inaugurar el \u201cSeminario MHIC Oto\u00f1o 2025 de Actualizaci\u00f3n Docente\u201d, en la Facultad de Derecho, Ciencias Pol\u00edticas y Criminolog\u00eda.<\/p>\n\n\n\n<p>Ante directivos y catedr\u00e1ticos de los programas educativos de Derecho, Ciencias Pol\u00edticas y Administraci\u00f3n P\u00fablica, y Criminolog\u00eda, el Rector sostuvo que es importante que afiancemos el Modelo Humanista Integrador basado en Capacidades (MHIC) mediante un esquema de capacitaci\u00f3n que enriquezca la actividad acad\u00e9mica, recordando que en sesi\u00f3n del H. Consejo Universitario, del pasado 30 de abril, se aprob\u00f3 que todos los docentes que tengan el inter\u00e9s de impartir c\u00e1tedra en la Universidad tienen que capacitarse en el MHIC.<\/p>\n\n\n\n<p>En el Auditorio Interactivo \u201cManuel de Lardiz\u00e1bal y Uribe\u201d, el Doctor Seraf\u00edn Ortiz remarc\u00f3 que la UATx avanza en los escenarios de la Educaci\u00f3n Superior dentro y fuera del pa\u00eds y continuar\u00e1 presentando el MHIC en otras latitudes poniendo al frente al humanismo educativo que est\u00e1 centrado en el respeto de los derechos humanos y los valores universales, a fin de que los conocimientos recibidos por los educandos se pongan en pr\u00e1ctica e impacten en las necesidades y problem\u00e1ticas m\u00e1s acuciantes de la sociedad.<\/p>\n\n\n\n<p>Por su parte, el Maestro Alejandro Palma Su\u00e1rez, Secretario Acad\u00e9mico, indic\u00f3 que, con la jornada de actualizaci\u00f3n docente de la Facultad de Derecho, Ciencias Pol\u00edticas y Criminolog\u00eda y de la Facultad de Ciencias de la Educaci\u00f3n da inicio a una propuesta de innovaci\u00f3n del proceso educativo para el periodo Oto\u00f1o 2025, y con los resultados obtenidos se pueda implementar en el resto de las \u00e1reas universitarias. Adelant\u00f3 que, con estas acciones, la Instituci\u00f3n se alinea a criterios de la Nueva Escuela Mexicana y del Sistema de Evaluaci\u00f3n y Acreditaci\u00f3n de la Educaci\u00f3n Superior, lo cual permitir\u00e1 evaluar el Plan Institucional de Mejoramiento Acelerado para ubicar las metas que se han alcanzado.<\/p>\n\n\n\n<p>En su momento, el Maestro Dante Morales Cruz, Director de la Facultad de Derecho, Ciencias Pol\u00edticas y Criminolog\u00eda, subray\u00f3 que el MHIC es innovador porque coincide con el modelo que promueve el Estado Mexicano, por ello, es vital conocer la filosof\u00eda educativa para poder impartir c\u00e1tedra y la Facultad intensifica la aplicaci\u00f3n del modelo, buscando cerrar brechas, por ejemplo, en el uso de la tecnolog\u00eda.<\/p>\n\n\n\n<p>El Seminario MHIC Oto\u00f1o 2025 de Actualizaci\u00f3n Docente se efect\u00faa del 16 al 18 de julio e incluye temas como Estrategias de ense\u00f1anza para un aprendizaje activo, Estrategias de evaluaci\u00f3n y su uso en los procesos de aprendizaje, El MHIC en la educaci\u00f3n universitaria tlaxcalteca: aportes conceptuales y pr\u00e1cticas<\/p>\n\n\n\n<p>Adem\u00e1s, se realizan los talleres \u201cManejo digital de la plataforma de Facultad\u201d y \u201cProgramas sint\u00e9ticos y anal\u00edticos\u201d, a cargo de catedr\u00e1ticos de la UATx.<\/p>\n","protected":false},"excerpt":{"rendered":"<p>\u00fc Avanzamos dentro y fuera del pa\u00eds posicionando nuestro modelo educativo: Rector A 25 a\u00f1os de su creaci\u00f3n el Modelo Humanista Integrador basado en Capacidades (MHIC) se posiciona como un constructo republicano, porque ha sido socializado en diferentes estados del pa\u00eds y es visto con benepl\u00e1cito en Am\u00e9rica Latina, consider\u00f3 el Doctor Seraf\u00edn Ortiz Ortiz, [&hellip;]<\/p>\n","protected":false},"author":9,"featured_media":97598,"comment_status":"open","ping_status":"open","sticky":false,"template":"","format":"standard","meta":{"om_disable_all_campaigns":false,"_monsterinsights_skip_tracking":false,"_monsterinsights_sitenote_active":false,"_monsterinsights_sitenote_note":"","_monsterinsights_sitenote_category":0,"jnews-multi-image_gallery":[],"jnews_single_post":{"format":"standard"},"jnews_primary_category":[],"footnotes":""},"categories":[1],"tags":[],"class_list":["post-97597","post","type-post","status-publish","format-standard","has-post-thumbnail","hentry","category-uncategorized"],"aioseo_notices":[],"_links":{"self":[{"href":"https:\/\/estado29.mx\/index.php?rest_route=\/wp\/v2\/posts\/97597","targetHints":{"allow":["GET"]}}],"collection":[{"href":"https:\/\/estado29.mx\/index.php?rest_route=\/wp\/v2\/posts"}],"about":[{"href":"https:\/\/estado29.mx\/index.php?rest_route=\/wp\/v2\/types\/post"}],"author":[{"embeddable":true,"href":"https:\/\/estado29.mx\/index.php?rest_route=\/wp\/v2\/users\/9"}],"replies":[{"embeddable":true,"href":"https:\/\/estado29.mx\/index.php?rest_route=%2Fwp%2Fv2%2Fcomments&post=97597"}],"version-history":[{"count":1,"href":"https:\/\/estado29.mx\/index.php?rest_route=\/wp\/v2\/posts\/97597\/revisions"}],"predecessor-version":[{"id":97599,"href":"https:\/\/estado29.mx\/index.php?rest_route=\/wp\/v2\/posts\/97597\/revisions\/97599"}],"wp:featuredmedia":[{"embeddable":true,"href":"https:\/\/estado29.mx\/index.php?rest_route=\/wp\/v2\/media\/97598"}],"wp:attachment":[{"href":"https:\/\/estado29.mx\/index.php?rest_route=%2Fwp%2Fv2%2Fmedia&parent=97597"}],"wp:term":[{"taxonomy":"category","embeddable":true,"href":"https:\/\/estado29.mx\/index.php?rest_route=%2Fwp%2Fv2%2Fcategories&post=97597"},{"taxonomy":"post_tag","embeddable":true,"href":"https:\/\/estado29.mx\/index.php?rest_route=%2Fwp%2Fv2%2Ftags&post=97597"}],"curies":[{"name":"wp","href":"https:\/\/api.w.org\/{rel}","templated":true}]}}