{"id":97603,"date":"2025-07-22T23:43:24","date_gmt":"2025-07-22T23:43:24","guid":{"rendered":"https:\/\/estado29.mx\/?p=97603"},"modified":"2025-08-01T01:21:02","modified_gmt":"2025-08-01T01:21:02","slug":"inauguran-curso-de-verano-aventuras-diferentes-dirigido-a-las-infancias-huamantlecas","status":"publish","type":"post","link":"https:\/\/estado29.mx\/?p=97603","title":{"rendered":"INAUGURAN CURSO DE VERANO \u201cAVENTURAS DIFERENTES\u201d DIRIGIDO A LAS INFANCIAS HUAMANTLECAS"},"content":{"rendered":"<figure class=\"wp-block-post-featured-image\"><img loading=\"lazy\" decoding=\"async\" width=\"2560\" height=\"1707\" src=\"https:\/\/estado29.mx\/wp-content\/uploads\/2025\/07\/WhatsApp-Image-2025-07-21-at-6.30.02-PM-scaled.jpeg\" class=\"attachment-post-thumbnail size-post-thumbnail wp-post-image\" alt=\"\" style=\"object-fit:cover;\" srcset=\"https:\/\/estado29.mx\/wp-content\/uploads\/2025\/07\/WhatsApp-Image-2025-07-21-at-6.30.02-PM-scaled.jpeg 2560w, https:\/\/estado29.mx\/wp-content\/uploads\/2025\/07\/WhatsApp-Image-2025-07-21-at-6.30.02-PM-300x200.jpeg 300w, https:\/\/estado29.mx\/wp-content\/uploads\/2025\/07\/WhatsApp-Image-2025-07-21-at-6.30.02-PM-1024x683.jpeg 1024w, https:\/\/estado29.mx\/wp-content\/uploads\/2025\/07\/WhatsApp-Image-2025-07-21-at-6.30.02-PM-768x512.jpeg 768w, https:\/\/estado29.mx\/wp-content\/uploads\/2025\/07\/WhatsApp-Image-2025-07-21-at-6.30.02-PM-1536x1024.jpeg 1536w, https:\/\/estado29.mx\/wp-content\/uploads\/2025\/07\/WhatsApp-Image-2025-07-21-at-6.30.02-PM-2048x1366.jpeg 2048w, https:\/\/estado29.mx\/wp-content\/uploads\/2025\/07\/WhatsApp-Image-2025-07-21-at-6.30.02-PM-750x500.jpeg 750w, https:\/\/estado29.mx\/wp-content\/uploads\/2025\/07\/WhatsApp-Image-2025-07-21-at-6.30.02-PM-1140x760.jpeg 1140w\" sizes=\"auto, (max-width: 2560px) 100vw, 2560px\" \/><\/figure>\n\n\n<p>El Gobierno Municipal de Huamantla, a trav\u00e9s del Sistema Municipal DIF, inaugur\u00f3 hoy el curso de verano \u201cAventuras DIFerentes\u201d, que se llevar\u00e1 a cabo del 21 de julio al 13 de agosto, y contar\u00e1 con la participaci\u00f3n de 100 ni\u00f1as y ni\u00f1os de entre 5 y 13 a\u00f1os.<\/p>\n\n\n\n<p>La iniciativa busca ofrecer un espacio de convivencia, aprendizaje y recreaci\u00f3n, combinando actividades l\u00fadicas, creativas y formativas durante el periodo vacacional escolar que buscan fortalecer el desarrollo emocional, f\u00edsico y social de las infancias.<\/p>\n\n\n\n<p>Durante el curso se tendr\u00e1n actividades tem\u00e1ticas que promuevan valores como la creatividad, el trabajo en equipo, la autoestima, y h\u00e1bitos saludables mediante deporte y alimentaci\u00f3n. Adem\u00e1s, se incluyen sesiones especiales para la expresi\u00f3n emocional guiadas por psicolog\u00eda infantil y se promueve el aprendizaje a trav\u00e9s de experiencias vivenciales y excursiones a lugares como el Zool\u00f3gico del Altiplano.<\/p>\n\n\n\n<p>Aventuras DIFerentes, es un curso realizado por el SMDIF en conjunto con \u00e1reas del ayuntamiento de Huamantla como Turismo, Cultura, Deporte, Juventud, Desarrollo econ\u00f3mico, Seguridad p\u00fablica, Protecci\u00f3n civil, Ecolog\u00eda y Agricultura. Quienes participar\u00e1n en diferentes momentos con talleres y ense\u00f1anzas que ayuden a fomentar el bienestar social y la ense\u00f1anza al cuidado del medio ambiente.<\/p>\n\n\n\n<p>La ceremonia de inauguraci\u00f3n estuvo presidida por Ma. del Roc\u00edo Hern\u00e1ndez Castillo, presidenta honor\u00edfica del SMDIF, as\u00ed como de autoridades municipales, quienes dieron la bienvenida a las y los peque\u00f1os huamantlecos.<\/p>\n\n\n\n<p>Estas actividades refuerzan la estrategia del Gobierno Municipal que encabeza Salvador Santos Cedillo de beneficiar a la ni\u00f1ez, fomentando su bienestar social, emocional y educativo.<\/p>\n","protected":false},"excerpt":{"rendered":"<p>El Gobierno Municipal de Huamantla, a trav\u00e9s del Sistema Municipal DIF, inaugur\u00f3 hoy el curso de verano \u201cAventuras DIFerentes\u201d, que se llevar\u00e1 a cabo del 21 de julio al 13 de agosto, y contar\u00e1 con la participaci\u00f3n de 100 ni\u00f1as y ni\u00f1os de entre 5 y 13 a\u00f1os. La iniciativa busca ofrecer un espacio de [&hellip;]<\/p>\n","protected":false},"author":9,"featured_media":97604,"comment_status":"open","ping_status":"open","sticky":false,"template":"","format":"standard","meta":{"om_disable_all_campaigns":false,"_monsterinsights_skip_tracking":false,"_monsterinsights_sitenote_active":false,"_monsterinsights_sitenote_note":"","_monsterinsights_sitenote_category":0,"jnews-multi-image_gallery":[],"jnews_single_post":{"format":"standard"},"jnews_primary_category":[],"footnotes":""},"categories":[1],"tags":[],"class_list":["post-97603","post","type-post","status-publish","format-standard","has-post-thumbnail","hentry","category-uncategorized"],"aioseo_notices":[],"_links":{"self":[{"href":"https:\/\/estado29.mx\/index.php?rest_route=\/wp\/v2\/posts\/97603","targetHints":{"allow":["GET"]}}],"collection":[{"href":"https:\/\/estado29.mx\/index.php?rest_route=\/wp\/v2\/posts"}],"about":[{"href":"https:\/\/estado29.mx\/index.php?rest_route=\/wp\/v2\/types\/post"}],"author":[{"embeddable":true,"href":"https:\/\/estado29.mx\/index.php?rest_route=\/wp\/v2\/users\/9"}],"replies":[{"embeddable":true,"href":"https:\/\/estado29.mx\/index.php?rest_route=%2Fwp%2Fv2%2Fcomments&post=97603"}],"version-history":[{"count":1,"href":"https:\/\/estado29.mx\/index.php?rest_route=\/wp\/v2\/posts\/97603\/revisions"}],"predecessor-version":[{"id":97605,"href":"https:\/\/estado29.mx\/index.php?rest_route=\/wp\/v2\/posts\/97603\/revisions\/97605"}],"wp:featuredmedia":[{"embeddable":true,"href":"https:\/\/estado29.mx\/index.php?rest_route=\/wp\/v2\/media\/97604"}],"wp:attachment":[{"href":"https:\/\/estado29.mx\/index.php?rest_route=%2Fwp%2Fv2%2Fmedia&parent=97603"}],"wp:term":[{"taxonomy":"category","embeddable":true,"href":"https:\/\/estado29.mx\/index.php?rest_route=%2Fwp%2Fv2%2Fcategories&post=97603"},{"taxonomy":"post_tag","embeddable":true,"href":"https:\/\/estado29.mx\/index.php?rest_route=%2Fwp%2Fv2%2Ftags&post=97603"}],"curies":[{"name":"wp","href":"https:\/\/api.w.org\/{rel}","templated":true}]}}