{"id":97606,"date":"2025-07-22T23:44:11","date_gmt":"2025-07-22T23:44:11","guid":{"rendered":"https:\/\/estado29.mx\/?p=97606"},"modified":"2025-08-01T01:20:58","modified_gmt":"2025-08-01T01:20:58","slug":"miguel-bose-se-presentara-en-la-feria-internacional-del-arte-efimero-y-la-dalia-2025","status":"publish","type":"post","link":"https:\/\/estado29.mx\/?p=97606","title":{"rendered":"Miguel Bos\u00e9 se presentar\u00e1 en la Feria Internacional del Arte Ef\u00edmero y la Dalia 2025"},"content":{"rendered":"<figure class=\"wp-block-post-featured-image\"><img loading=\"lazy\" decoding=\"async\" width=\"1080\" height=\"1350\" src=\"https:\/\/estado29.mx\/wp-content\/uploads\/2025\/07\/WhatsApp-Image-2025-07-22-at-12.37.52-PM.jpeg\" class=\"attachment-post-thumbnail size-post-thumbnail wp-post-image\" alt=\"\" style=\"object-fit:cover;\" srcset=\"https:\/\/estado29.mx\/wp-content\/uploads\/2025\/07\/WhatsApp-Image-2025-07-22-at-12.37.52-PM.jpeg 1080w, https:\/\/estado29.mx\/wp-content\/uploads\/2025\/07\/WhatsApp-Image-2025-07-22-at-12.37.52-PM-240x300.jpeg 240w, https:\/\/estado29.mx\/wp-content\/uploads\/2025\/07\/WhatsApp-Image-2025-07-22-at-12.37.52-PM-819x1024.jpeg 819w, https:\/\/estado29.mx\/wp-content\/uploads\/2025\/07\/WhatsApp-Image-2025-07-22-at-12.37.52-PM-768x960.jpeg 768w, https:\/\/estado29.mx\/wp-content\/uploads\/2025\/07\/WhatsApp-Image-2025-07-22-at-12.37.52-PM-750x938.jpeg 750w\" sizes=\"auto, (max-width: 1080px) 100vw, 1080px\" \/><\/figure>\n\n\n<p>El Ayuntamiento de Huamantla, en el marco de la Feria Internacional del Arte Ef\u00edmero y la Dalia 2025, anuncia con entusiasmo la esperada presentaci\u00f3n del reconocido artista internacional Miguel Bos\u00e9, quien ofrecer\u00e1 un espect\u00e1culo inolvidable para todas y todos los asistentes.<\/p>\n\n\n\n<p>Como parte de esta experiencia \u00fanica, se informa que este martes 22 de julio a las di\u00f3 inicio la venta de boletos para el acceso a las Gradas VIP, disponibles \u00fanicamente a trav\u00e9s del sitio oficial: www.feriadehuamantla2025.com<\/p>\n\n\n\n<p>Los boletos de Gradas VIP tendr\u00e1n un costo de $1,500 por persona e incluir\u00e1n:<br>\u2022 \u2705 Acceso a zona preferencial con visibilidad privilegiada<br>\u2022 \ud83d\udeaa Ingreso a partir de las 5:30 p.m.<br>\u2022 \u274c No incluye alimentos ni bebidas<\/p>\n\n\n\n<p>Se recomienda al p\u00fablico estar pendiente del sitio web oficial y realizar su compra con anticipaci\u00f3n, ya que se espera una alta demanda por tratarse de uno de los eventos estelares de la feria.<\/p>\n\n\n\n<p>El Gobierno Municipal de Huamantla reitera su compromiso por brindar eventos de calidad que enaltezcan nuestras tradiciones y posicionen a la feria como una de las m\u00e1s importantes del pa\u00eds.<\/p>\n\n\n\n<p>Para m\u00e1s informaci\u00f3n y actualizaciones, visita:<br>\ud83d\udcf2 www.feriadehuamantla2025.com<\/p>\n","protected":false},"excerpt":{"rendered":"<p>El Ayuntamiento de Huamantla, en el marco de la Feria Internacional del Arte Ef\u00edmero y la Dalia 2025, anuncia con entusiasmo la esperada presentaci\u00f3n del reconocido artista internacional Miguel Bos\u00e9, quien ofrecer\u00e1 un espect\u00e1culo inolvidable para todas y todos los asistentes. Como parte de esta experiencia \u00fanica, se informa que este martes 22 de julio [&hellip;]<\/p>\n","protected":false},"author":9,"featured_media":97607,"comment_status":"open","ping_status":"open","sticky":false,"template":"","format":"standard","meta":{"om_disable_all_campaigns":false,"_monsterinsights_skip_tracking":false,"_monsterinsights_sitenote_active":false,"_monsterinsights_sitenote_note":"","_monsterinsights_sitenote_category":0,"jnews-multi-image_gallery":[],"jnews_single_post":{"format":"standard"},"jnews_primary_category":[],"footnotes":""},"categories":[1],"tags":[],"class_list":["post-97606","post","type-post","status-publish","format-standard","has-post-thumbnail","hentry","category-uncategorized"],"aioseo_notices":[],"_links":{"self":[{"href":"https:\/\/estado29.mx\/index.php?rest_route=\/wp\/v2\/posts\/97606","targetHints":{"allow":["GET"]}}],"collection":[{"href":"https:\/\/estado29.mx\/index.php?rest_route=\/wp\/v2\/posts"}],"about":[{"href":"https:\/\/estado29.mx\/index.php?rest_route=\/wp\/v2\/types\/post"}],"author":[{"embeddable":true,"href":"https:\/\/estado29.mx\/index.php?rest_route=\/wp\/v2\/users\/9"}],"replies":[{"embeddable":true,"href":"https:\/\/estado29.mx\/index.php?rest_route=%2Fwp%2Fv2%2Fcomments&post=97606"}],"version-history":[{"count":1,"href":"https:\/\/estado29.mx\/index.php?rest_route=\/wp\/v2\/posts\/97606\/revisions"}],"predecessor-version":[{"id":97608,"href":"https:\/\/estado29.mx\/index.php?rest_route=\/wp\/v2\/posts\/97606\/revisions\/97608"}],"wp:featuredmedia":[{"embeddable":true,"href":"https:\/\/estado29.mx\/index.php?rest_route=\/wp\/v2\/media\/97607"}],"wp:attachment":[{"href":"https:\/\/estado29.mx\/index.php?rest_route=%2Fwp%2Fv2%2Fmedia&parent=97606"}],"wp:term":[{"taxonomy":"category","embeddable":true,"href":"https:\/\/estado29.mx\/index.php?rest_route=%2Fwp%2Fv2%2Fcategories&post=97606"},{"taxonomy":"post_tag","embeddable":true,"href":"https:\/\/estado29.mx\/index.php?rest_route=%2Fwp%2Fv2%2Ftags&post=97606"}],"curies":[{"name":"wp","href":"https:\/\/api.w.org\/{rel}","templated":true}]}}