{"id":97632,"date":"2025-07-24T02:01:27","date_gmt":"2025-07-24T02:01:27","guid":{"rendered":"https:\/\/estado29.mx\/?p=97632"},"modified":"2025-08-01T01:26:55","modified_gmt":"2025-08-01T01:26:55","slug":"exitosa-jornada-de-salud-y-de-servicios-en-el-barrio-de-san-lucas-huamantla","status":"publish","type":"post","link":"https:\/\/estado29.mx\/?p=97632","title":{"rendered":"Exitosa Jornada de Salud y de Servicios en el Barrio de San Lucas, Huamantla"},"content":{"rendered":"<figure class=\"wp-block-post-featured-image\"><img loading=\"lazy\" decoding=\"async\" width=\"2560\" height=\"1706\" src=\"https:\/\/estado29.mx\/wp-content\/uploads\/2025\/07\/IMG-20250723-WA0020.jpg\" class=\"attachment-post-thumbnail size-post-thumbnail wp-post-image\" alt=\"\" style=\"object-fit:cover;\" srcset=\"https:\/\/estado29.mx\/wp-content\/uploads\/2025\/07\/IMG-20250723-WA0020.jpg 2560w, https:\/\/estado29.mx\/wp-content\/uploads\/2025\/07\/IMG-20250723-WA0020-300x200.jpg 300w, https:\/\/estado29.mx\/wp-content\/uploads\/2025\/07\/IMG-20250723-WA0020-1024x682.jpg 1024w, https:\/\/estado29.mx\/wp-content\/uploads\/2025\/07\/IMG-20250723-WA0020-768x512.jpg 768w, https:\/\/estado29.mx\/wp-content\/uploads\/2025\/07\/IMG-20250723-WA0020-1536x1024.jpg 1536w, https:\/\/estado29.mx\/wp-content\/uploads\/2025\/07\/IMG-20250723-WA0020-2048x1365.jpg 2048w, https:\/\/estado29.mx\/wp-content\/uploads\/2025\/07\/IMG-20250723-WA0020-750x500.jpg 750w, https:\/\/estado29.mx\/wp-content\/uploads\/2025\/07\/IMG-20250723-WA0020-1140x760.jpg 1140w\" sizes=\"auto, (max-width: 2560px) 100vw, 2560px\" \/><\/figure>\n\n\n<p>El Gobierno Municipal de Huamantla, a trav\u00e9s del Sistema DIF Municipal y en coordinaci\u00f3n con diversas \u00e1reas del Ayuntamiento, llev\u00f3 a cabo con gran \u00e9xito una Jornada de Salud y Servicios en el barrio de San Lucas, beneficiando a decenas de familias huamantlecas.<\/p>\n\n\n\n<p>Durante esta jornada, las y los asistentes pudieron acceder de manera gratuita a servicios m\u00e9dicos, consultas dentales, nutricionales y de optometr\u00eda, as\u00ed como asesor\u00edas jur\u00eddicas, atenci\u00f3n psicol\u00f3gica y orientaci\u00f3n en programas sociales.<\/p>\n\n\n\n<p>La participaci\u00f3n activa de la ciudadan\u00eda y el compromiso del personal reflejan el objetivo de acercar los servicios municipales a cada rinc\u00f3n del municipio, promoviendo el bienestar y fortaleciendo los lazos comunitarios.Con estas acciones, el Gobierno Municipal encabezado por el presidente Salvador Santos Cedillo reafirma su trabajo en conjunto con una atenci\u00f3n cercana, humana y eficiente, que prioriza la salud y calidad de vida de todas y todos los huamantlecos.<\/p>\n","protected":false},"excerpt":{"rendered":"<p>El Gobierno Municipal de Huamantla, a trav\u00e9s del Sistema DIF Municipal y en coordinaci\u00f3n con diversas \u00e1reas del Ayuntamiento, llev\u00f3 a cabo con gran \u00e9xito una Jornada de Salud y Servicios en el barrio de San Lucas, beneficiando a decenas de familias huamantlecas. Durante esta jornada, las y los asistentes pudieron acceder de manera gratuita [&hellip;]<\/p>\n","protected":false},"author":9,"featured_media":97633,"comment_status":"open","ping_status":"open","sticky":false,"template":"","format":"standard","meta":{"om_disable_all_campaigns":false,"_monsterinsights_skip_tracking":false,"_monsterinsights_sitenote_active":false,"_monsterinsights_sitenote_note":"","_monsterinsights_sitenote_category":0,"jnews-multi-image_gallery":[],"jnews_single_post":{"format":"standard"},"jnews_primary_category":[],"footnotes":""},"categories":[1],"tags":[],"class_list":["post-97632","post","type-post","status-publish","format-standard","has-post-thumbnail","hentry","category-uncategorized"],"aioseo_notices":[],"_links":{"self":[{"href":"https:\/\/estado29.mx\/index.php?rest_route=\/wp\/v2\/posts\/97632","targetHints":{"allow":["GET"]}}],"collection":[{"href":"https:\/\/estado29.mx\/index.php?rest_route=\/wp\/v2\/posts"}],"about":[{"href":"https:\/\/estado29.mx\/index.php?rest_route=\/wp\/v2\/types\/post"}],"author":[{"embeddable":true,"href":"https:\/\/estado29.mx\/index.php?rest_route=\/wp\/v2\/users\/9"}],"replies":[{"embeddable":true,"href":"https:\/\/estado29.mx\/index.php?rest_route=%2Fwp%2Fv2%2Fcomments&post=97632"}],"version-history":[{"count":1,"href":"https:\/\/estado29.mx\/index.php?rest_route=\/wp\/v2\/posts\/97632\/revisions"}],"predecessor-version":[{"id":97634,"href":"https:\/\/estado29.mx\/index.php?rest_route=\/wp\/v2\/posts\/97632\/revisions\/97634"}],"wp:featuredmedia":[{"embeddable":true,"href":"https:\/\/estado29.mx\/index.php?rest_route=\/wp\/v2\/media\/97633"}],"wp:attachment":[{"href":"https:\/\/estado29.mx\/index.php?rest_route=%2Fwp%2Fv2%2Fmedia&parent=97632"}],"wp:term":[{"taxonomy":"category","embeddable":true,"href":"https:\/\/estado29.mx\/index.php?rest_route=%2Fwp%2Fv2%2Fcategories&post=97632"},{"taxonomy":"post_tag","embeddable":true,"href":"https:\/\/estado29.mx\/index.php?rest_route=%2Fwp%2Fv2%2Ftags&post=97632"}],"curies":[{"name":"wp","href":"https:\/\/api.w.org\/{rel}","templated":true}]}}