{"id":97635,"date":"2025-07-24T02:03:00","date_gmt":"2025-07-24T02:03:00","guid":{"rendered":"https:\/\/estado29.mx\/?p=97635"},"modified":"2025-08-01T01:26:51","modified_gmt":"2025-08-01T01:26:51","slug":"abren-convocatoria-para-la-carrera-botargas-en-fuga-en-huamantla","status":"publish","type":"post","link":"https:\/\/estado29.mx\/?p=97635","title":{"rendered":"ABREN CONVOCATORIA PARA LA CARRERA \u201cBOTARGAS EN FUGA\u201d EN HUAMANTLA"},"content":{"rendered":"<figure class=\"wp-block-post-featured-image\"><img loading=\"lazy\" decoding=\"async\" width=\"1080\" height=\"1350\" src=\"https:\/\/estado29.mx\/wp-content\/uploads\/2025\/07\/IMG-20250723-WA0044.jpg\" class=\"attachment-post-thumbnail size-post-thumbnail wp-post-image\" alt=\"\" style=\"object-fit:cover;\" srcset=\"https:\/\/estado29.mx\/wp-content\/uploads\/2025\/07\/IMG-20250723-WA0044.jpg 1080w, https:\/\/estado29.mx\/wp-content\/uploads\/2025\/07\/IMG-20250723-WA0044-240x300.jpg 240w, https:\/\/estado29.mx\/wp-content\/uploads\/2025\/07\/IMG-20250723-WA0044-819x1024.jpg 819w, https:\/\/estado29.mx\/wp-content\/uploads\/2025\/07\/IMG-20250723-WA0044-768x960.jpg 768w, https:\/\/estado29.mx\/wp-content\/uploads\/2025\/07\/IMG-20250723-WA0044-750x938.jpg 750w\" sizes=\"auto, (max-width: 1080px) 100vw, 1080px\" \/><\/figure>\n\n\n<p>El Gobierno Municipal de Huamantla, a trav\u00e9s de la Coordinaci\u00f3n de Juventud, lanza la convocatoria para que las y los j\u00f3venes del municipio participen en una de las actividades m\u00e1s esperadas y divertidas de la Feria Huamantla 2025: la carrera \u201cBotargas en Fuga\u201d.<\/p>\n\n\n\n<p>Esta peculiar y entretenida competencia se llevar\u00e1 a cabo el viernes 15 de agosto a las 19:00 horas en el Parque Ju\u00e1rez, como parte de las actividades pensadas especialmente para la juventud huamantleca.<\/p>\n\n\n\n<p>Las y los participantes no solo podr\u00e1n disfrutar de una experiencia llena de alegr\u00eda y convivencia, sino que tambi\u00e9n tendr\u00e1n la oportunidad de competir por atractivos premios:\t\u2022\t\ud83e\udd47 Pantalla de 65\u201d para el primer lugar\t\u2022\t\ud83e\udd48 Pantalla de 60\u201d para el segundo lugar\t\u2022\t\ud83e\udd49 Pantalla de 55\u201d para el tercer lugarLas inscripciones ya est\u00e1n abiertas y pueden realizarse directamente en las oficinas de la Coordinaci\u00f3n de Juventud, ubicadas en Blvd. Cuamanco esquina con Reforma S\/N. Ah\u00ed podr\u00e1n consultar las bases, llenar su ficha de registro y prepararse para formar parte de esta gran experiencia.Con este tipo de eventos, el Gobierno Municipal contin\u00faa fomentando la participaci\u00f3n activa de las juventudes, promoviendo espacios recreativos y de sano esparcimiento #PorAmorAHuamantla.<\/p>\n","protected":false},"excerpt":{"rendered":"<p>El Gobierno Municipal de Huamantla, a trav\u00e9s de la Coordinaci\u00f3n de Juventud, lanza la convocatoria para que las y los j\u00f3venes del municipio participen en una de las actividades m\u00e1s esperadas y divertidas de la Feria Huamantla 2025: la carrera \u201cBotargas en Fuga\u201d. Esta peculiar y entretenida competencia se llevar\u00e1 a cabo el viernes 15 [&hellip;]<\/p>\n","protected":false},"author":9,"featured_media":97636,"comment_status":"open","ping_status":"open","sticky":false,"template":"","format":"standard","meta":{"om_disable_all_campaigns":false,"_monsterinsights_skip_tracking":false,"_monsterinsights_sitenote_active":false,"_monsterinsights_sitenote_note":"","_monsterinsights_sitenote_category":0,"jnews-multi-image_gallery":[],"jnews_single_post":{"format":"standard"},"jnews_primary_category":[],"footnotes":""},"categories":[1],"tags":[],"class_list":["post-97635","post","type-post","status-publish","format-standard","has-post-thumbnail","hentry","category-uncategorized"],"aioseo_notices":[],"_links":{"self":[{"href":"https:\/\/estado29.mx\/index.php?rest_route=\/wp\/v2\/posts\/97635","targetHints":{"allow":["GET"]}}],"collection":[{"href":"https:\/\/estado29.mx\/index.php?rest_route=\/wp\/v2\/posts"}],"about":[{"href":"https:\/\/estado29.mx\/index.php?rest_route=\/wp\/v2\/types\/post"}],"author":[{"embeddable":true,"href":"https:\/\/estado29.mx\/index.php?rest_route=\/wp\/v2\/users\/9"}],"replies":[{"embeddable":true,"href":"https:\/\/estado29.mx\/index.php?rest_route=%2Fwp%2Fv2%2Fcomments&post=97635"}],"version-history":[{"count":1,"href":"https:\/\/estado29.mx\/index.php?rest_route=\/wp\/v2\/posts\/97635\/revisions"}],"predecessor-version":[{"id":97637,"href":"https:\/\/estado29.mx\/index.php?rest_route=\/wp\/v2\/posts\/97635\/revisions\/97637"}],"wp:featuredmedia":[{"embeddable":true,"href":"https:\/\/estado29.mx\/index.php?rest_route=\/wp\/v2\/media\/97636"}],"wp:attachment":[{"href":"https:\/\/estado29.mx\/index.php?rest_route=%2Fwp%2Fv2%2Fmedia&parent=97635"}],"wp:term":[{"taxonomy":"category","embeddable":true,"href":"https:\/\/estado29.mx\/index.php?rest_route=%2Fwp%2Fv2%2Fcategories&post=97635"},{"taxonomy":"post_tag","embeddable":true,"href":"https:\/\/estado29.mx\/index.php?rest_route=%2Fwp%2Fv2%2Ftags&post=97635"}],"curies":[{"name":"wp","href":"https:\/\/api.w.org\/{rel}","templated":true}]}}