{"id":97641,"date":"2025-07-24T02:12:22","date_gmt":"2025-07-24T02:12:22","guid":{"rendered":"https:\/\/estado29.mx\/?p=97641"},"modified":"2025-08-01T01:26:40","modified_gmt":"2025-08-01T01:26:40","slug":"edwin-luna-y-la-trakalosa-de-monterrey-reafirman-su-participacion-en-la-feria-internacional-del-arte-efimero-y-la-dalia-2025","status":"publish","type":"post","link":"https:\/\/estado29.mx\/?p=97641","title":{"rendered":"Edwin Luna y La Trakalosa de Monterrey reafirman su participaci\u00f3n en la Feria Internacional del Arte Ef\u00edmero y la Dalia 2025"},"content":{"rendered":"<figure class=\"wp-block-post-featured-image\"><img loading=\"lazy\" decoding=\"async\" width=\"225\" height=\"225\" src=\"https:\/\/estado29.mx\/wp-content\/uploads\/2025\/07\/descarga-10.jpeg\" class=\"attachment-post-thumbnail size-post-thumbnail wp-post-image\" alt=\"\" style=\"object-fit:cover;\" srcset=\"https:\/\/estado29.mx\/wp-content\/uploads\/2025\/07\/descarga-10.jpeg 225w, https:\/\/estado29.mx\/wp-content\/uploads\/2025\/07\/descarga-10-150x150.jpeg 150w, https:\/\/estado29.mx\/wp-content\/uploads\/2025\/07\/descarga-10-75x75.jpeg 75w\" sizes=\"auto, (max-width: 225px) 100vw, 225px\" \/><\/figure>\n\n\n<p>El Gobierno Municipal de Huamantla, que encabeza el presidente Salvador Santos Cedillo, comparte con entusiasmo el mensaje del cantante Edwin Luna, quien a trav\u00e9s de un video confirma la presentaci\u00f3n de La Trakalosa de Monterreyen la Feria Internacional del Arte Ef\u00edmero y la Dalia 2025.<\/p>\n\n\n\n<p>Este concierto tendr\u00e1 lugar el s\u00e1bado 23 de agosto en el Foro del Artista, dentro de una noche de cartelera doble junto al tambi\u00e9n confirmado Lupillo Rivera, consolidando uno de los eventos m\u00e1s esperados de esta edici\u00f3n.Los boletos para este espect\u00e1culo ya se encuentran disponibles en:\t<\/p>\n\n\n\n<p>\u2022\tGeneral: $150 pesos\t<\/p>\n\n\n\n<p>Q\u2022 VIP: $500 pesos\ud83d\udccdPuntos de venta:\u2028<\/p>\n\n\n\n<p>\u2022 M\u00f3dulo frente a la Presidencia Municipal (Parque Ju\u00e1rez)\u2028<\/p>\n\n\n\n<p>\u2022 En l\u00ednea en \ud83d\udc49 www.feriadehuamantla2025.com<\/p>\n\n\n\n<p>El presidente Salvador Santos Cedillo reiter\u00f3 la invitaci\u00f3n a todas las familias para que vivan esta noche inolvidable, en el marco de una feria que enaltece las tradiciones, la cultura y el arte ef\u00edmero de Huamantla.\ud83d\udc9a #PorAmorAHuamantla seguimos haciendo de esta feria un orgullo de Tlaxcala y de M\u00e9xico.<\/p>\n","protected":false},"excerpt":{"rendered":"<p>El Gobierno Municipal de Huamantla, que encabeza el presidente Salvador Santos Cedillo, comparte con entusiasmo el mensaje del cantante Edwin Luna, quien a trav\u00e9s de un video confirma la presentaci\u00f3n de La Trakalosa de Monterreyen la Feria Internacional del Arte Ef\u00edmero y la Dalia 2025. Este concierto tendr\u00e1 lugar el s\u00e1bado 23 de agosto en [&hellip;]<\/p>\n","protected":false},"author":9,"featured_media":97642,"comment_status":"open","ping_status":"open","sticky":false,"template":"","format":"standard","meta":{"om_disable_all_campaigns":false,"_monsterinsights_skip_tracking":false,"_monsterinsights_sitenote_active":false,"_monsterinsights_sitenote_note":"","_monsterinsights_sitenote_category":0,"jnews-multi-image_gallery":[],"jnews_single_post":{"format":"standard"},"jnews_primary_category":[],"footnotes":""},"categories":[1],"tags":[],"class_list":["post-97641","post","type-post","status-publish","format-standard","has-post-thumbnail","hentry","category-uncategorized"],"aioseo_notices":[],"_links":{"self":[{"href":"https:\/\/estado29.mx\/index.php?rest_route=\/wp\/v2\/posts\/97641","targetHints":{"allow":["GET"]}}],"collection":[{"href":"https:\/\/estado29.mx\/index.php?rest_route=\/wp\/v2\/posts"}],"about":[{"href":"https:\/\/estado29.mx\/index.php?rest_route=\/wp\/v2\/types\/post"}],"author":[{"embeddable":true,"href":"https:\/\/estado29.mx\/index.php?rest_route=\/wp\/v2\/users\/9"}],"replies":[{"embeddable":true,"href":"https:\/\/estado29.mx\/index.php?rest_route=%2Fwp%2Fv2%2Fcomments&post=97641"}],"version-history":[{"count":1,"href":"https:\/\/estado29.mx\/index.php?rest_route=\/wp\/v2\/posts\/97641\/revisions"}],"predecessor-version":[{"id":97643,"href":"https:\/\/estado29.mx\/index.php?rest_route=\/wp\/v2\/posts\/97641\/revisions\/97643"}],"wp:featuredmedia":[{"embeddable":true,"href":"https:\/\/estado29.mx\/index.php?rest_route=\/wp\/v2\/media\/97642"}],"wp:attachment":[{"href":"https:\/\/estado29.mx\/index.php?rest_route=%2Fwp%2Fv2%2Fmedia&parent=97641"}],"wp:term":[{"taxonomy":"category","embeddable":true,"href":"https:\/\/estado29.mx\/index.php?rest_route=%2Fwp%2Fv2%2Fcategories&post=97641"},{"taxonomy":"post_tag","embeddable":true,"href":"https:\/\/estado29.mx\/index.php?rest_route=%2Fwp%2Fv2%2Ftags&post=97641"}],"curies":[{"name":"wp","href":"https:\/\/api.w.org\/{rel}","templated":true}]}}