{"id":97644,"date":"2025-07-24T03:11:03","date_gmt":"2025-07-24T03:11:03","guid":{"rendered":"https:\/\/estado29.mx\/?p=97644"},"modified":"2025-08-01T01:26:36","modified_gmt":"2025-08-01T01:26:36","slug":"%f0%9f%8e%89-inicia-la-venta-de-boletos-para-el-festival-de-paellas-huamantla-2025-%f0%9f%8e%89","status":"publish","type":"post","link":"https:\/\/estado29.mx\/?p=97644","title":{"rendered":"\ud83c\udf89 Inicia la venta de boletos para el Festival de Paellas Huamantla 2025 \ud83c\udf89"},"content":{"rendered":"<figure class=\"wp-block-post-featured-image\"><img loading=\"lazy\" decoding=\"async\" width=\"1080\" height=\"1350\" src=\"https:\/\/estado29.mx\/wp-content\/uploads\/2025\/07\/IMG-20250723-WA03761.jpg\" class=\"attachment-post-thumbnail size-post-thumbnail wp-post-image\" alt=\"\" style=\"object-fit:cover;\" srcset=\"https:\/\/estado29.mx\/wp-content\/uploads\/2025\/07\/IMG-20250723-WA03761.jpg 1080w, https:\/\/estado29.mx\/wp-content\/uploads\/2025\/07\/IMG-20250723-WA03761-240x300.jpg 240w, https:\/\/estado29.mx\/wp-content\/uploads\/2025\/07\/IMG-20250723-WA03761-819x1024.jpg 819w, https:\/\/estado29.mx\/wp-content\/uploads\/2025\/07\/IMG-20250723-WA03761-768x960.jpg 768w, https:\/\/estado29.mx\/wp-content\/uploads\/2025\/07\/IMG-20250723-WA03761-750x938.jpg 750w\" sizes=\"auto, (max-width: 1080px) 100vw, 1080px\" \/><\/figure>\n\n\n<p>El Gobierno Municipal de Huamantla informa al p\u00fablico en general que ya se encuentra disponible la venta de boletos para el tradicional Festival de Paellas, uno de los eventos m\u00e1s emblem\u00e1ticos y esperados de la Feria Internacional del Arte Ef\u00edmero y la Dalia Huamantla 2025.<\/p>\n\n\n\n<p>Este magno evento, que re\u00fane lo mejor de la gastronom\u00eda, el ambiente familiar y espect\u00e1culos de primer nivel, se realizar\u00e1 en un ambiente seguro y organizado para el disfrute de todas y todos los asistentes.\ud83d\udccd Puntos de venta:\t<\/p>\n\n\n\n<p>\u2022\tA trav\u00e9s del sitio oficial: www.feriadehuamantla2025.com\t<\/p>\n\n\n\n<p>\u2022\tM\u00f3dulo f\u00edsico ubicado frente a la Presidencia Municipal de Huamantla\ud83d\udcb3 Costos por persona:\ud83c\udf7d\ufe0f Mesas Platino: $3,000\ud83c\udf77 Mesas VIP: $2,500\ud83c\udf89 Mesas Generales: $2,000\ud83d\udeaa El acceso ser\u00e1 a partir de las 2:00 p.m.\u2705 Todos los boletos incluyen entrada al \u00e1rea de paellas y una bebida de cortes\u00eda.<\/p>\n\n\n\n<p>El Gobierno Municipal invita a la ciudadan\u00eda y visitantes a adquirir sus boletos con anticipaci\u00f3n y formar parte de esta experiencia \u00fanica que celebra la cultura, el sabor y la tradici\u00f3n de Huamantla.<\/p>\n\n\n\n<p><\/p>\n","protected":false},"excerpt":{"rendered":"<p>El Gobierno Municipal de Huamantla informa al p\u00fablico en general que ya se encuentra disponible la venta de boletos para el tradicional Festival de Paellas, uno de los eventos m\u00e1s emblem\u00e1ticos y esperados de la Feria Internacional del Arte Ef\u00edmero y la Dalia Huamantla 2025. Este magno evento, que re\u00fane lo mejor de la gastronom\u00eda, [&hellip;]<\/p>\n","protected":false},"author":9,"featured_media":97645,"comment_status":"open","ping_status":"open","sticky":false,"template":"","format":"standard","meta":{"om_disable_all_campaigns":false,"_monsterinsights_skip_tracking":false,"_monsterinsights_sitenote_active":false,"_monsterinsights_sitenote_note":"","_monsterinsights_sitenote_category":0,"jnews-multi-image_gallery":[],"jnews_single_post":{"format":"standard"},"jnews_primary_category":[],"footnotes":""},"categories":[1],"tags":[],"class_list":["post-97644","post","type-post","status-publish","format-standard","has-post-thumbnail","hentry","category-uncategorized"],"aioseo_notices":[],"_links":{"self":[{"href":"https:\/\/estado29.mx\/index.php?rest_route=\/wp\/v2\/posts\/97644","targetHints":{"allow":["GET"]}}],"collection":[{"href":"https:\/\/estado29.mx\/index.php?rest_route=\/wp\/v2\/posts"}],"about":[{"href":"https:\/\/estado29.mx\/index.php?rest_route=\/wp\/v2\/types\/post"}],"author":[{"embeddable":true,"href":"https:\/\/estado29.mx\/index.php?rest_route=\/wp\/v2\/users\/9"}],"replies":[{"embeddable":true,"href":"https:\/\/estado29.mx\/index.php?rest_route=%2Fwp%2Fv2%2Fcomments&post=97644"}],"version-history":[{"count":1,"href":"https:\/\/estado29.mx\/index.php?rest_route=\/wp\/v2\/posts\/97644\/revisions"}],"predecessor-version":[{"id":97646,"href":"https:\/\/estado29.mx\/index.php?rest_route=\/wp\/v2\/posts\/97644\/revisions\/97646"}],"wp:featuredmedia":[{"embeddable":true,"href":"https:\/\/estado29.mx\/index.php?rest_route=\/wp\/v2\/media\/97645"}],"wp:attachment":[{"href":"https:\/\/estado29.mx\/index.php?rest_route=%2Fwp%2Fv2%2Fmedia&parent=97644"}],"wp:term":[{"taxonomy":"category","embeddable":true,"href":"https:\/\/estado29.mx\/index.php?rest_route=%2Fwp%2Fv2%2Fcategories&post=97644"},{"taxonomy":"post_tag","embeddable":true,"href":"https:\/\/estado29.mx\/index.php?rest_route=%2Fwp%2Fv2%2Ftags&post=97644"}],"curies":[{"name":"wp","href":"https:\/\/api.w.org\/{rel}","templated":true}]}}