{"id":97650,"date":"2025-07-24T17:41:24","date_gmt":"2025-07-24T17:41:24","guid":{"rendered":"https:\/\/estado29.mx\/?p=97650"},"modified":"2025-08-01T01:30:11","modified_gmt":"2025-08-01T01:30:11","slug":"invitan-a-jovenes-huamantlecos-a-participar-en-el-premio-de-la-juventud-2025","status":"publish","type":"post","link":"https:\/\/estado29.mx\/?p=97650","title":{"rendered":"Invitan a j\u00f3venes huamantlecos a participar en el Premio de la Juventud 2025"},"content":{"rendered":"<figure class=\"wp-block-post-featured-image\"><img loading=\"lazy\" decoding=\"async\" width=\"1080\" height=\"1350\" src=\"https:\/\/estado29.mx\/wp-content\/uploads\/2025\/07\/WhatsApp-Image-2025-07-24-at-11.39.58-AM.jpeg\" class=\"attachment-post-thumbnail size-post-thumbnail wp-post-image\" alt=\"\" style=\"object-fit:cover;\" srcset=\"https:\/\/estado29.mx\/wp-content\/uploads\/2025\/07\/WhatsApp-Image-2025-07-24-at-11.39.58-AM.jpeg 1080w, https:\/\/estado29.mx\/wp-content\/uploads\/2025\/07\/WhatsApp-Image-2025-07-24-at-11.39.58-AM-240x300.jpeg 240w, https:\/\/estado29.mx\/wp-content\/uploads\/2025\/07\/WhatsApp-Image-2025-07-24-at-11.39.58-AM-819x1024.jpeg 819w, https:\/\/estado29.mx\/wp-content\/uploads\/2025\/07\/WhatsApp-Image-2025-07-24-at-11.39.58-AM-768x960.jpeg 768w, https:\/\/estado29.mx\/wp-content\/uploads\/2025\/07\/WhatsApp-Image-2025-07-24-at-11.39.58-AM-750x938.jpeg 750w\" sizes=\"auto, (max-width: 1080px) 100vw, 1080px\" \/><\/figure>\n\n\n<p>En el marco de las actividades de la Feria Internacional del Arte Ef\u00edmero y la Dalia 2025, el Gobierno Municipal de Huamantla, a trav\u00e9s de la Coordinaci\u00f3n de Juventud, convoca a las y los j\u00f3venes del municipio a participar en el Premio de la Juventud Huamantla 2025, que busca reconocer el talento, compromiso y creatividad de las nuevas generaciones.<\/p>\n\n\n\n<p>Este galard\u00f3n est\u00e1 dirigido a j\u00f3venes de 15 a 30 a\u00f1os que cuenten con trayectorias destacadas en alguna de las siguientes categor\u00edas:<\/p>\n\n\n\n<p>Labor altruista<br>Emprendimiento<br>Cortometraje inspirado en Huamantla<br>Logros art\u00edsticos<br>Las inscripciones se llevar\u00e1n a cabo el martes 12 de agosto en la Coordinaci\u00f3n de Juventud, ubicada en Boulevard Cuamanco esquina con Reforma, S\/N.<\/p>\n\n\n\n<p>Las y los interesados deber\u00e1n presentar:<\/p>\n\n\n\n<p>Ficha de registro<br>Copia de acta de nacimiento<br>Copia de INE (o identificaci\u00f3n oficial con fotograf\u00eda en caso de ser menor de edad)<br>Copia del comprobante de domicilio<br>Archivo con la descripci\u00f3n y evidencias que respalden sus logros<br>Es importante se\u00f1alar que no podr\u00e1n participar ganadores de ediciones anteriores.<\/p>\n\n\n\n<p>La ceremonia de premiaci\u00f3n se realizar\u00e1 el martes 19 de agosto a las 14:00 horas en Cancha 13, y se otorgar\u00e1 un premio de $5,000 pesos por categor\u00eda.<\/p>\n\n\n\n<p>El presidente municipal Salvador Santos Cedillo reiter\u00f3 su compromiso con el impulso a las juventudes huamantlecas, destacando que este reconocimiento forma parte de las acciones que visibilizan y respaldan el talento joven que transforma con su ejemplo y esfuerzo el presente y futuro de Huamantla.<\/p>\n\n\n\n<p><\/p>\n","protected":false},"excerpt":{"rendered":"<p>En el marco de las actividades de la Feria Internacional del Arte Ef\u00edmero y la Dalia 2025, el Gobierno Municipal de Huamantla, a trav\u00e9s de la Coordinaci\u00f3n de Juventud, convoca a las y los j\u00f3venes del municipio a participar en el Premio de la Juventud Huamantla 2025, que busca reconocer el talento, compromiso y creatividad [&hellip;]<\/p>\n","protected":false},"author":9,"featured_media":97651,"comment_status":"open","ping_status":"open","sticky":false,"template":"","format":"standard","meta":{"om_disable_all_campaigns":false,"_monsterinsights_skip_tracking":false,"_monsterinsights_sitenote_active":false,"_monsterinsights_sitenote_note":"","_monsterinsights_sitenote_category":0,"jnews-multi-image_gallery":[],"jnews_single_post":{"format":"standard"},"jnews_primary_category":[],"footnotes":""},"categories":[1],"tags":[],"class_list":["post-97650","post","type-post","status-publish","format-standard","has-post-thumbnail","hentry","category-uncategorized"],"aioseo_notices":[],"_links":{"self":[{"href":"https:\/\/estado29.mx\/index.php?rest_route=\/wp\/v2\/posts\/97650","targetHints":{"allow":["GET"]}}],"collection":[{"href":"https:\/\/estado29.mx\/index.php?rest_route=\/wp\/v2\/posts"}],"about":[{"href":"https:\/\/estado29.mx\/index.php?rest_route=\/wp\/v2\/types\/post"}],"author":[{"embeddable":true,"href":"https:\/\/estado29.mx\/index.php?rest_route=\/wp\/v2\/users\/9"}],"replies":[{"embeddable":true,"href":"https:\/\/estado29.mx\/index.php?rest_route=%2Fwp%2Fv2%2Fcomments&post=97650"}],"version-history":[{"count":1,"href":"https:\/\/estado29.mx\/index.php?rest_route=\/wp\/v2\/posts\/97650\/revisions"}],"predecessor-version":[{"id":97652,"href":"https:\/\/estado29.mx\/index.php?rest_route=\/wp\/v2\/posts\/97650\/revisions\/97652"}],"wp:featuredmedia":[{"embeddable":true,"href":"https:\/\/estado29.mx\/index.php?rest_route=\/wp\/v2\/media\/97651"}],"wp:attachment":[{"href":"https:\/\/estado29.mx\/index.php?rest_route=%2Fwp%2Fv2%2Fmedia&parent=97650"}],"wp:term":[{"taxonomy":"category","embeddable":true,"href":"https:\/\/estado29.mx\/index.php?rest_route=%2Fwp%2Fv2%2Fcategories&post=97650"},{"taxonomy":"post_tag","embeddable":true,"href":"https:\/\/estado29.mx\/index.php?rest_route=%2Fwp%2Fv2%2Ftags&post=97650"}],"curies":[{"name":"wp","href":"https:\/\/api.w.org\/{rel}","templated":true}]}}