{"id":97664,"date":"2025-07-25T17:54:42","date_gmt":"2025-07-25T17:54:42","guid":{"rendered":"https:\/\/estado29.mx\/?p=97664"},"modified":"2025-08-01T01:34:16","modified_gmt":"2025-08-01T01:34:16","slug":"huamantla-fortalece-su-identidad-cultural-con-el-estreno-de-la-nueva-capsula-de-historias-con-identidad-dedicada-a-los-matachines","status":"publish","type":"post","link":"https:\/\/estado29.mx\/?p=97664","title":{"rendered":"HUAMANTLA FORTALECE SU IDENTIDAD CULTURAL CON EL ESTRENO DE LA NUEVA C\u00c1PSULA DE \u201cHISTORIAS CON IDENTIDAD\u201d DEDICADA A LOS MATACHINES"},"content":{"rendered":"<figure class=\"wp-block-post-featured-image\"><img loading=\"lazy\" decoding=\"async\" width=\"2560\" height=\"1707\" src=\"https:\/\/estado29.mx\/wp-content\/uploads\/2025\/07\/WhatsApp-Image-2025-07-24-at-1.21.45-PM-scaled.jpeg\" class=\"attachment-post-thumbnail size-post-thumbnail wp-post-image\" alt=\"\" style=\"object-fit:cover;\" srcset=\"https:\/\/estado29.mx\/wp-content\/uploads\/2025\/07\/WhatsApp-Image-2025-07-24-at-1.21.45-PM-scaled.jpeg 2560w, https:\/\/estado29.mx\/wp-content\/uploads\/2025\/07\/WhatsApp-Image-2025-07-24-at-1.21.45-PM-300x200.jpeg 300w, https:\/\/estado29.mx\/wp-content\/uploads\/2025\/07\/WhatsApp-Image-2025-07-24-at-1.21.45-PM-1024x683.jpeg 1024w, https:\/\/estado29.mx\/wp-content\/uploads\/2025\/07\/WhatsApp-Image-2025-07-24-at-1.21.45-PM-768x512.jpeg 768w, https:\/\/estado29.mx\/wp-content\/uploads\/2025\/07\/WhatsApp-Image-2025-07-24-at-1.21.45-PM-1536x1024.jpeg 1536w, https:\/\/estado29.mx\/wp-content\/uploads\/2025\/07\/WhatsApp-Image-2025-07-24-at-1.21.45-PM-2048x1366.jpeg 2048w, https:\/\/estado29.mx\/wp-content\/uploads\/2025\/07\/WhatsApp-Image-2025-07-24-at-1.21.45-PM-750x500.jpeg 750w, https:\/\/estado29.mx\/wp-content\/uploads\/2025\/07\/WhatsApp-Image-2025-07-24-at-1.21.45-PM-1140x760.jpeg 1140w\" sizes=\"auto, (max-width: 2560px) 100vw, 2560px\" \/><\/figure>\n\n\n<p>El Gobierno Municipal de Huamantla, presenta un nuevo cap\u00edtulo de la serie audiovisual \u201cHistorias con Identidad\u201d, una iniciativa orientada a preservar, promover y difundir las expresiones culturales que dan vida y sentido al patrimonio cultural del municipio.<\/p>\n\n\n\n<p>En esta nueva entrega, se destaca la figura de los Matachines, una danza tradicional profundamente arraigada en el colectivo de Huamantla, que representa no solo una manifestaci\u00f3n art\u00edstica, sino tambi\u00e9n un acto de memoria y pertenencia.<\/p>\n\n\n\n<p>Esta producci\u00f3n forma parte de las acciones emprendidas por la administraci\u00f3n municipal para fortalecer el sentido de identidad y orgullo entre las y los huamantlecos, as\u00ed como para visibilizar ante el estado y el pa\u00eds la riqueza cultural que caracteriza a nuestra comunidad.<\/p>\n\n\n\n<p>\u201cEn Huamantla, hay una danza que no solo se baila con los pies, sino con el alma.<br>Una danza que vibra con la fe, que se mueve con la historia y que se escucha en el retumbar del tambor: \u00a1Son los Matachines de Huamantla!<\/p>\n\n\n\n<p>Cada a\u00f1o, durante la feria, su presencia anuncia fiesta, tradici\u00f3n y alegr\u00eda porque cuando ellos bailan, baila todo Huamantla\u2026 baila la fe, baila la memoria y baila el coraz\u00f3n.\u201d<\/p>\n\n\n\n<p>La serie Historias con Identidad busca documentar y difundir las costumbres, danzas, festividades y expresiones populares que constituyen el legado cultural del municipio, proyectando su valor hist\u00f3rico y social a las nuevas generaciones.<\/p>\n\n\n\n<p>La c\u00e1psula estar\u00e1 disponible en las redes sociales del presidente municipal, Chava Santos a partir de las 18:00 hrs de este jueves 24 de julio.<\/p>\n\n\n\n<p>Con estas acciones, el Gobierno Municipal de Huamantla reafirma su labor con la preservaci\u00f3n de las ra\u00edces, el impulso a la cultura y la construcci\u00f3n de una identidad s\u00f3lida y compartida.<\/p>\n","protected":false},"excerpt":{"rendered":"<p>El Gobierno Municipal de Huamantla, presenta un nuevo cap\u00edtulo de la serie audiovisual \u201cHistorias con Identidad\u201d, una iniciativa orientada a preservar, promover y difundir las expresiones culturales que dan vida y sentido al patrimonio cultural del municipio. En esta nueva entrega, se destaca la figura de los Matachines, una danza tradicional profundamente arraigada en el [&hellip;]<\/p>\n","protected":false},"author":9,"featured_media":97665,"comment_status":"open","ping_status":"open","sticky":false,"template":"","format":"standard","meta":{"om_disable_all_campaigns":false,"_monsterinsights_skip_tracking":false,"_monsterinsights_sitenote_active":false,"_monsterinsights_sitenote_note":"","_monsterinsights_sitenote_category":0,"jnews-multi-image_gallery":[],"jnews_single_post":{"format":"standard"},"jnews_primary_category":[],"footnotes":""},"categories":[1],"tags":[],"class_list":["post-97664","post","type-post","status-publish","format-standard","has-post-thumbnail","hentry","category-uncategorized"],"aioseo_notices":[],"_links":{"self":[{"href":"https:\/\/estado29.mx\/index.php?rest_route=\/wp\/v2\/posts\/97664","targetHints":{"allow":["GET"]}}],"collection":[{"href":"https:\/\/estado29.mx\/index.php?rest_route=\/wp\/v2\/posts"}],"about":[{"href":"https:\/\/estado29.mx\/index.php?rest_route=\/wp\/v2\/types\/post"}],"author":[{"embeddable":true,"href":"https:\/\/estado29.mx\/index.php?rest_route=\/wp\/v2\/users\/9"}],"replies":[{"embeddable":true,"href":"https:\/\/estado29.mx\/index.php?rest_route=%2Fwp%2Fv2%2Fcomments&post=97664"}],"version-history":[{"count":1,"href":"https:\/\/estado29.mx\/index.php?rest_route=\/wp\/v2\/posts\/97664\/revisions"}],"predecessor-version":[{"id":97666,"href":"https:\/\/estado29.mx\/index.php?rest_route=\/wp\/v2\/posts\/97664\/revisions\/97666"}],"wp:featuredmedia":[{"embeddable":true,"href":"https:\/\/estado29.mx\/index.php?rest_route=\/wp\/v2\/media\/97665"}],"wp:attachment":[{"href":"https:\/\/estado29.mx\/index.php?rest_route=%2Fwp%2Fv2%2Fmedia&parent=97664"}],"wp:term":[{"taxonomy":"category","embeddable":true,"href":"https:\/\/estado29.mx\/index.php?rest_route=%2Fwp%2Fv2%2Fcategories&post=97664"},{"taxonomy":"post_tag","embeddable":true,"href":"https:\/\/estado29.mx\/index.php?rest_route=%2Fwp%2Fv2%2Ftags&post=97664"}],"curies":[{"name":"wp","href":"https:\/\/api.w.org\/{rel}","templated":true}]}}