{"id":97668,"date":"2025-07-25T17:56:08","date_gmt":"2025-07-25T17:56:08","guid":{"rendered":"https:\/\/estado29.mx\/?p=97668"},"modified":"2025-08-01T01:34:12","modified_gmt":"2025-08-01T01:34:12","slug":"invita-ayuntamiento-de-huamantla-a-la-23-muestra-gastronomica-del-hongo","status":"publish","type":"post","link":"https:\/\/estado29.mx\/?p=97668","title":{"rendered":"INVITA AYUNTAMIENTO DE HUAMANTLA A LA 23\u00b0 MUESTRA GASTRON\u00d3MICA DEL HONGO"},"content":{"rendered":"<figure class=\"wp-block-post-featured-image\"><img loading=\"lazy\" decoding=\"async\" width=\"2048\" height=\"2560\" src=\"https:\/\/estado29.mx\/wp-content\/uploads\/2025\/07\/WhatsApp-Image-2025-07-24-at-5.38.14-PM-scaled.jpeg\" class=\"attachment-post-thumbnail size-post-thumbnail wp-post-image\" alt=\"\" style=\"object-fit:cover;\" srcset=\"https:\/\/estado29.mx\/wp-content\/uploads\/2025\/07\/WhatsApp-Image-2025-07-24-at-5.38.14-PM-scaled.jpeg 2048w, https:\/\/estado29.mx\/wp-content\/uploads\/2025\/07\/WhatsApp-Image-2025-07-24-at-5.38.14-PM-240x300.jpeg 240w, https:\/\/estado29.mx\/wp-content\/uploads\/2025\/07\/WhatsApp-Image-2025-07-24-at-5.38.14-PM-819x1024.jpeg 819w, https:\/\/estado29.mx\/wp-content\/uploads\/2025\/07\/WhatsApp-Image-2025-07-24-at-5.38.14-PM-768x960.jpeg 768w, https:\/\/estado29.mx\/wp-content\/uploads\/2025\/07\/WhatsApp-Image-2025-07-24-at-5.38.14-PM-1229x1536.jpeg 1229w, https:\/\/estado29.mx\/wp-content\/uploads\/2025\/07\/WhatsApp-Image-2025-07-24-at-5.38.14-PM-1638x2048.jpeg 1638w, https:\/\/estado29.mx\/wp-content\/uploads\/2025\/07\/WhatsApp-Image-2025-07-24-at-5.38.14-PM-750x938.jpeg 750w, https:\/\/estado29.mx\/wp-content\/uploads\/2025\/07\/WhatsApp-Image-2025-07-24-at-5.38.14-PM-1140x1425.jpeg 1140w\" sizes=\"auto, (max-width: 2048px) 100vw, 2048px\" \/><\/figure>\n\n\n<p>El Ayuntamiento de Huamantla invita a todos los amantes de la gastronom\u00eda y la cultura a la 23\u00b0 \u201cMuestra Gastron\u00f3mica del Hongo&#8221;, evento que se llevar\u00e1 a cabo el pr\u00f3ximo domingo 03 de agosto a las 10:00 horas en la cancha de f\u00fatbol de la comunidad de Altamira de Guadalupe.<\/p>\n\n\n\n<p>El presidente municipal, Salvador Santos Cedillo, destac\u00f3 la importancia de realizar este tipo de eventos que coadyuvan en preservar y celebrar la riqueza gastron\u00f3mica local, que es un reflejo de la identidad y la cultura de Huamantla, por lo tanto, hace la cordial invitaci\u00f3n a la ciudadan\u00eda en general para asistir a explorar y disfrutar los sabores \u00fanicos que brindan estos platillos.<\/p>\n\n\n\n<p>En este sentido, el presidente de la comunidad de Altamira de Guadalupe, Juan Carlos S\u00e1nchez de la Rosa, inform\u00f3 que esta Muestra Gastron\u00f3mica es de acceso libre, donde los visitantes tendr\u00e1n la oportunidad de degustar una amplia variedad de platillos elaborados por cocineras que llevar\u00e1n como principal ingrediente de sus guisos el hongo, insumo que es recolectado en las faldas de la Malinche.<\/p>\n","protected":false},"excerpt":{"rendered":"<p>El Ayuntamiento de Huamantla invita a todos los amantes de la gastronom\u00eda y la cultura a la 23\u00b0 \u201cMuestra Gastron\u00f3mica del Hongo&#8221;, evento que se llevar\u00e1 a cabo el pr\u00f3ximo domingo 03 de agosto a las 10:00 horas en la cancha de f\u00fatbol de la comunidad de Altamira de Guadalupe. El presidente municipal, Salvador Santos [&hellip;]<\/p>\n","protected":false},"author":9,"featured_media":97669,"comment_status":"open","ping_status":"open","sticky":false,"template":"","format":"standard","meta":{"om_disable_all_campaigns":false,"_monsterinsights_skip_tracking":false,"_monsterinsights_sitenote_active":false,"_monsterinsights_sitenote_note":"","_monsterinsights_sitenote_category":0,"jnews-multi-image_gallery":[],"jnews_single_post":{"format":"standard"},"jnews_primary_category":[],"footnotes":""},"categories":[1],"tags":[],"class_list":["post-97668","post","type-post","status-publish","format-standard","has-post-thumbnail","hentry","category-uncategorized"],"aioseo_notices":[],"_links":{"self":[{"href":"https:\/\/estado29.mx\/index.php?rest_route=\/wp\/v2\/posts\/97668","targetHints":{"allow":["GET"]}}],"collection":[{"href":"https:\/\/estado29.mx\/index.php?rest_route=\/wp\/v2\/posts"}],"about":[{"href":"https:\/\/estado29.mx\/index.php?rest_route=\/wp\/v2\/types\/post"}],"author":[{"embeddable":true,"href":"https:\/\/estado29.mx\/index.php?rest_route=\/wp\/v2\/users\/9"}],"replies":[{"embeddable":true,"href":"https:\/\/estado29.mx\/index.php?rest_route=%2Fwp%2Fv2%2Fcomments&post=97668"}],"version-history":[{"count":1,"href":"https:\/\/estado29.mx\/index.php?rest_route=\/wp\/v2\/posts\/97668\/revisions"}],"predecessor-version":[{"id":97670,"href":"https:\/\/estado29.mx\/index.php?rest_route=\/wp\/v2\/posts\/97668\/revisions\/97670"}],"wp:featuredmedia":[{"embeddable":true,"href":"https:\/\/estado29.mx\/index.php?rest_route=\/wp\/v2\/media\/97669"}],"wp:attachment":[{"href":"https:\/\/estado29.mx\/index.php?rest_route=%2Fwp%2Fv2%2Fmedia&parent=97668"}],"wp:term":[{"taxonomy":"category","embeddable":true,"href":"https:\/\/estado29.mx\/index.php?rest_route=%2Fwp%2Fv2%2Fcategories&post=97668"},{"taxonomy":"post_tag","embeddable":true,"href":"https:\/\/estado29.mx\/index.php?rest_route=%2Fwp%2Fv2%2Ftags&post=97668"}],"curies":[{"name":"wp","href":"https:\/\/api.w.org\/{rel}","templated":true}]}}