{"id":97676,"date":"2025-07-25T17:59:04","date_gmt":"2025-07-25T17:59:04","guid":{"rendered":"https:\/\/estado29.mx\/?p=97676"},"modified":"2025-08-01T01:34:03","modified_gmt":"2025-08-01T01:34:03","slug":"detienen-a-presunto-asaltante-y-recuperan-vehiculo-robado-tras-operativo-en-huamantla","status":"publish","type":"post","link":"https:\/\/estado29.mx\/?p=97676","title":{"rendered":"Detienen a presunto asaltante y recuperan veh\u00edculo robado tras operativo en Huamantla"},"content":{"rendered":"<figure class=\"wp-block-post-featured-image\"><img loading=\"lazy\" decoding=\"async\" width=\"1600\" height=\"1200\" src=\"https:\/\/estado29.mx\/wp-content\/uploads\/2025\/07\/WhatsApp-Image-2025-07-25-at-10.27.28-AM-1.jpeg\" class=\"attachment-post-thumbnail size-post-thumbnail wp-post-image\" alt=\"\" style=\"object-fit:cover;\" srcset=\"https:\/\/estado29.mx\/wp-content\/uploads\/2025\/07\/WhatsApp-Image-2025-07-25-at-10.27.28-AM-1.jpeg 1600w, https:\/\/estado29.mx\/wp-content\/uploads\/2025\/07\/WhatsApp-Image-2025-07-25-at-10.27.28-AM-1-300x225.jpeg 300w, https:\/\/estado29.mx\/wp-content\/uploads\/2025\/07\/WhatsApp-Image-2025-07-25-at-10.27.28-AM-1-1024x768.jpeg 1024w, https:\/\/estado29.mx\/wp-content\/uploads\/2025\/07\/WhatsApp-Image-2025-07-25-at-10.27.28-AM-1-768x576.jpeg 768w, https:\/\/estado29.mx\/wp-content\/uploads\/2025\/07\/WhatsApp-Image-2025-07-25-at-10.27.28-AM-1-1536x1152.jpeg 1536w, https:\/\/estado29.mx\/wp-content\/uploads\/2025\/07\/WhatsApp-Image-2025-07-25-at-10.27.28-AM-1-750x563.jpeg 750w, https:\/\/estado29.mx\/wp-content\/uploads\/2025\/07\/WhatsApp-Image-2025-07-25-at-10.27.28-AM-1-1140x855.jpeg 1140w\" sizes=\"auto, (max-width: 1600px) 100vw, 1600px\" \/><\/figure>\n\n\n<p>Huamantla, Tlaxcala.- Elementos de la Direcci\u00f3n de Seguridad P\u00fablica, Tr\u00e1nsito y Protecci\u00f3n Civil de Huamantla lograron la detenci\u00f3n de un sujeto presuntamente involucrado en un robo con violencia, as\u00ed como la recuperaci\u00f3n del veh\u00edculo utilizado durante el delito, en un hecho ocurrido en la comunidad de Carmen Xalpatlahuaya.<\/p>\n\n\n\n<p>Seg\u00fan el reporte, la v\u00edctima \u2014un repartidor de una empresa local de pan\u2014 fue interceptada por varias personas, quienes lo amenazaron con un arma de fuego, lo despojaron de dinero en efectivo, documentos personales y lo agredieron f\u00edsicamente. Posteriormente, los agresores huyeron a bordo de un veh\u00edculo.<\/p>\n\n\n\n<p>Tras recibir el llamado de auxilio, se activ\u00f3 un operativo coordinado con el Centro de Control y Comando C2, logrando ubicar el veh\u00edculo implicado a trav\u00e9s de c\u00e1maras de videovigilancia. Fue interceptado sobre la carretera federal M\u00e9xico-Veracruz, donde se logr\u00f3 asegurar a una de las personas presuntamente responsables.<\/p>\n\n\n\n<p>Tanto el veh\u00edculo como el detenido fueron puestos a disposici\u00f3n del Ministerio P\u00fablico, mientras la v\u00edctima reconoci\u00f3 plenamente al presunto agresor como uno de los participantes en el asalto.<\/p>\n\n\n\n<p>El Gobierno Municipal de Huamantla reitera su compromiso con la legalidad, la tranquilidad ciudadana y el combate frontal a los actos delictivos.<\/p>\n","protected":false},"excerpt":{"rendered":"<p>Huamantla, Tlaxcala.- Elementos de la Direcci\u00f3n de Seguridad P\u00fablica, Tr\u00e1nsito y Protecci\u00f3n Civil de Huamantla lograron la detenci\u00f3n de un sujeto presuntamente involucrado en un robo con violencia, as\u00ed como la recuperaci\u00f3n del veh\u00edculo utilizado durante el delito, en un hecho ocurrido en la comunidad de Carmen Xalpatlahuaya. Seg\u00fan el reporte, la v\u00edctima \u2014un repartidor [&hellip;]<\/p>\n","protected":false},"author":9,"featured_media":97677,"comment_status":"open","ping_status":"open","sticky":false,"template":"","format":"standard","meta":{"om_disable_all_campaigns":false,"_monsterinsights_skip_tracking":false,"_monsterinsights_sitenote_active":false,"_monsterinsights_sitenote_note":"","_monsterinsights_sitenote_category":0,"jnews-multi-image_gallery":[],"jnews_single_post":{"format":"standard"},"jnews_primary_category":[],"footnotes":""},"categories":[1],"tags":[],"class_list":["post-97676","post","type-post","status-publish","format-standard","has-post-thumbnail","hentry","category-uncategorized"],"aioseo_notices":[],"_links":{"self":[{"href":"https:\/\/estado29.mx\/index.php?rest_route=\/wp\/v2\/posts\/97676","targetHints":{"allow":["GET"]}}],"collection":[{"href":"https:\/\/estado29.mx\/index.php?rest_route=\/wp\/v2\/posts"}],"about":[{"href":"https:\/\/estado29.mx\/index.php?rest_route=\/wp\/v2\/types\/post"}],"author":[{"embeddable":true,"href":"https:\/\/estado29.mx\/index.php?rest_route=\/wp\/v2\/users\/9"}],"replies":[{"embeddable":true,"href":"https:\/\/estado29.mx\/index.php?rest_route=%2Fwp%2Fv2%2Fcomments&post=97676"}],"version-history":[{"count":1,"href":"https:\/\/estado29.mx\/index.php?rest_route=\/wp\/v2\/posts\/97676\/revisions"}],"predecessor-version":[{"id":97678,"href":"https:\/\/estado29.mx\/index.php?rest_route=\/wp\/v2\/posts\/97676\/revisions\/97678"}],"wp:featuredmedia":[{"embeddable":true,"href":"https:\/\/estado29.mx\/index.php?rest_route=\/wp\/v2\/media\/97677"}],"wp:attachment":[{"href":"https:\/\/estado29.mx\/index.php?rest_route=%2Fwp%2Fv2%2Fmedia&parent=97676"}],"wp:term":[{"taxonomy":"category","embeddable":true,"href":"https:\/\/estado29.mx\/index.php?rest_route=%2Fwp%2Fv2%2Fcategories&post=97676"},{"taxonomy":"post_tag","embeddable":true,"href":"https:\/\/estado29.mx\/index.php?rest_route=%2Fwp%2Fv2%2Ftags&post=97676"}],"curies":[{"name":"wp","href":"https:\/\/api.w.org\/{rel}","templated":true}]}}