{"id":97680,"date":"2025-07-25T18:01:17","date_gmt":"2025-07-25T18:01:17","guid":{"rendered":"https:\/\/estado29.mx\/?p=97680"},"modified":"2025-08-01T01:33:59","modified_gmt":"2025-08-01T01:33:59","slug":"avanzan-trabajos-electricos-en-el-recinto-ferial-rumbo-a-la-feria-internacional-del-arte-efimero-y-la-dalia-2025","status":"publish","type":"post","link":"https:\/\/estado29.mx\/?p=97680","title":{"rendered":"Avanzan trabajos el\u00e9ctricos en el recinto ferial rumbo a la Feria Internacional del Arte Ef\u00edmero y la Dalia 2025"},"content":{"rendered":"<figure class=\"wp-block-post-featured-image\"><img loading=\"lazy\" decoding=\"async\" width=\"960\" height=\"1280\" src=\"https:\/\/estado29.mx\/wp-content\/uploads\/2025\/07\/WhatsApp-Image-2025-07-25-at-11.00.34-AM.jpeg\" class=\"attachment-post-thumbnail size-post-thumbnail wp-post-image\" alt=\"\" style=\"object-fit:cover;\" srcset=\"https:\/\/estado29.mx\/wp-content\/uploads\/2025\/07\/WhatsApp-Image-2025-07-25-at-11.00.34-AM.jpeg 960w, https:\/\/estado29.mx\/wp-content\/uploads\/2025\/07\/WhatsApp-Image-2025-07-25-at-11.00.34-AM-225x300.jpeg 225w, https:\/\/estado29.mx\/wp-content\/uploads\/2025\/07\/WhatsApp-Image-2025-07-25-at-11.00.34-AM-768x1024.jpeg 768w, https:\/\/estado29.mx\/wp-content\/uploads\/2025\/07\/WhatsApp-Image-2025-07-25-at-11.00.34-AM-750x1000.jpeg 750w\" sizes=\"auto, (max-width: 960px) 100vw, 960px\" \/><\/figure>\n\n\n<p>Huamantla, Tlaxcala, 25 de julio de 2025.\u2013<br>Con el objetivo de garantizar que todas las instalaciones del recinto ferial est\u00e9n en condiciones \u00f3ptimas, el Gobierno Municipal de Huamantla, a trav\u00e9s del \u00e1rea de Servicios P\u00fablicos Municipales, realiza trabajos de preparaci\u00f3n e instalaci\u00f3n el\u00e9ctrica en las distintas zonas donde se desarrollar\u00e1n actividades de la Feria Internacional del Arte Ef\u00edmero y la Dalia 2025.<\/p>\n\n\n\n<p>Estos trabajos contemplan la revisi\u00f3n, modernizaci\u00f3n y habilitaci\u00f3n de puntos de energ\u00eda que permitir\u00e1n el correcto funcionamiento de los espacios destinados a eventos masivos, juegos mec\u00e1nicos, instalaciones art\u00edsticas, as\u00ed como \u00e1reas comerciales y gastron\u00f3micas.<\/p>\n\n\n\n<p>La feria representa uno de los encuentros culturales, art\u00edsticos y tur\u00edsticos m\u00e1s importantes del estado de Tlaxcala, por lo que la administraci\u00f3n municipal, que encabeza el presidente Salvador Santos Cedillo, trabaja con anticipaci\u00f3n para ofrecer una feria segura, funcional y de primer nivel.<\/p>\n\n\n\n<p>El Gobierno Municipal invita a la ciudadan\u00eda a mantenerse atenta a las redes oficiales y a sumarse a las actividades de esta celebraci\u00f3n que da identidad y orgullo a las y los huamantlecos.<\/p>\n","protected":false},"excerpt":{"rendered":"<p>Huamantla, Tlaxcala, 25 de julio de 2025.\u2013Con el objetivo de garantizar que todas las instalaciones del recinto ferial est\u00e9n en condiciones \u00f3ptimas, el Gobierno Municipal de Huamantla, a trav\u00e9s del \u00e1rea de Servicios P\u00fablicos Municipales, realiza trabajos de preparaci\u00f3n e instalaci\u00f3n el\u00e9ctrica en las distintas zonas donde se desarrollar\u00e1n actividades de la Feria Internacional del [&hellip;]<\/p>\n","protected":false},"author":9,"featured_media":97681,"comment_status":"open","ping_status":"open","sticky":false,"template":"","format":"standard","meta":{"om_disable_all_campaigns":false,"_monsterinsights_skip_tracking":false,"_monsterinsights_sitenote_active":false,"_monsterinsights_sitenote_note":"","_monsterinsights_sitenote_category":0,"jnews-multi-image_gallery":[],"jnews_single_post":{"format":"standard"},"jnews_primary_category":[],"footnotes":""},"categories":[1],"tags":[],"class_list":["post-97680","post","type-post","status-publish","format-standard","has-post-thumbnail","hentry","category-uncategorized"],"aioseo_notices":[],"_links":{"self":[{"href":"https:\/\/estado29.mx\/index.php?rest_route=\/wp\/v2\/posts\/97680","targetHints":{"allow":["GET"]}}],"collection":[{"href":"https:\/\/estado29.mx\/index.php?rest_route=\/wp\/v2\/posts"}],"about":[{"href":"https:\/\/estado29.mx\/index.php?rest_route=\/wp\/v2\/types\/post"}],"author":[{"embeddable":true,"href":"https:\/\/estado29.mx\/index.php?rest_route=\/wp\/v2\/users\/9"}],"replies":[{"embeddable":true,"href":"https:\/\/estado29.mx\/index.php?rest_route=%2Fwp%2Fv2%2Fcomments&post=97680"}],"version-history":[{"count":1,"href":"https:\/\/estado29.mx\/index.php?rest_route=\/wp\/v2\/posts\/97680\/revisions"}],"predecessor-version":[{"id":97682,"href":"https:\/\/estado29.mx\/index.php?rest_route=\/wp\/v2\/posts\/97680\/revisions\/97682"}],"wp:featuredmedia":[{"embeddable":true,"href":"https:\/\/estado29.mx\/index.php?rest_route=\/wp\/v2\/media\/97681"}],"wp:attachment":[{"href":"https:\/\/estado29.mx\/index.php?rest_route=%2Fwp%2Fv2%2Fmedia&parent=97680"}],"wp:term":[{"taxonomy":"category","embeddable":true,"href":"https:\/\/estado29.mx\/index.php?rest_route=%2Fwp%2Fv2%2Fcategories&post=97680"},{"taxonomy":"post_tag","embeddable":true,"href":"https:\/\/estado29.mx\/index.php?rest_route=%2Fwp%2Fv2%2Ftags&post=97680"}],"curies":[{"name":"wp","href":"https:\/\/api.w.org\/{rel}","templated":true}]}}