{"id":97684,"date":"2025-07-25T18:33:35","date_gmt":"2025-07-25T18:33:35","guid":{"rendered":"https:\/\/estado29.mx\/?p=97684"},"modified":"2025-08-01T01:33:55","modified_gmt":"2025-08-01T01:33:55","slug":"robo-violento-de-vehiculo-en-cuapiaxtla-termina-con-un-detenido-en-calpulalpan","status":"publish","type":"post","link":"https:\/\/estado29.mx\/?p=97684","title":{"rendered":"Robo violento de veh\u00edculo en Cuapiaxtla termina con un detenido en Calpulalpan"},"content":{"rendered":"\n<p>Un robo de veh\u00edculo con lujo de violencia en la carretera M\u00e9xico-Veracruz, a la altura de Cuapiaxtla, moviliz\u00f3 a las corporaciones de seguridad y culmin\u00f3 con la detenci\u00f3n de uno de los presuntos asaltantes en Calpulalpan y la recuperaci\u00f3n del auto hurtado.<\/p>\n\n\n\n<p>El incidente, ocurrido la noche del jueves 24 de julio, involucr\u00f3 a dos hombres armados que despojaron a una conductora de su autom\u00f3vil Jetta.<\/p>\n\n\n\n<p>El reporte inicial se recibi\u00f3 alrededor de las 20:45 horas de este jueves, cuando la v\u00edctima, una f\u00e9mina identificada como Martha Ang\u00e9lica N, circulaba en su Volkswagen Jetta sobre la carretera M\u00e9xico-Veracruz, a la altura de Cuapiaxtla, en direcci\u00f3n a Huamantla.<\/p>\n\n\n\n<p>Seg\u00fan su testimonio, un veh\u00edculo gris que ven\u00eda de la caseta la intercept\u00f3. De este descendieron dos hombres armados. El primero, de m\u00e1s de 40 a\u00f1os, vest\u00eda gorra y sudadera gris con capucha. El segundo era alto y tambi\u00e9n usaba una gorra negra y pantal\u00f3n oscuro. Ambos la amagaron y se subieron a su unidad. Los asaltantes avanzaron unos metros y la abandonaron en terrenos de labor, cerca del Rancho Santa Clara, para luego huir con su veh\u00edculo rumbo a Huamantla.<\/p>\n\n\n\n<p>Gracias a que la afectada dej\u00f3 su celular dentro del veh\u00edculo robado, pudo rastrear en tiempo real su ubicaci\u00f3n, la cual arroj\u00f3 que transitaba por la carretera federal M\u00e9xico-Veracruz, a la altura de Calpulalpan.<\/p>\n\n\n\n<p>Una llamada al 911 alert\u00f3 a elementos de la Secretar\u00eda de Seguridad Ciudadana, que coordin\u00f3 un despliegue operativo y logr\u00f3 ubicar y asegurar el veh\u00edculo en la carretera Veracruz-M\u00e9xico, a la altura del kil\u00f3metro 56+800. Quien lo conduc\u00eda, un masculino identificado como \u00c1ngel de Jes\u00fas N., de 25 a\u00f1os, originario del Estado de M\u00e9xico y con ocupaci\u00f3n de lavacoches fue puesto a disposici\u00f3n de las autoridades por su probable participaci\u00f3n en el robo.<\/p>\n\n\n\n<p>El veh\u00edculo recuperado por parte de los uniformados es un Jetta blanco, modelo 2000, con placas 718XDY.<\/p>\n","protected":false},"excerpt":{"rendered":"<p>Un robo de veh\u00edculo con lujo de violencia en la carretera M\u00e9xico-Veracruz, a la altura de Cuapiaxtla, moviliz\u00f3 a las corporaciones de seguridad y culmin\u00f3 con la detenci\u00f3n de uno de los presuntos asaltantes en Calpulalpan y la recuperaci\u00f3n del auto hurtado. El incidente, ocurrido la noche del jueves 24 de julio, involucr\u00f3 a dos [&hellip;]<\/p>\n","protected":false},"author":5,"featured_media":97685,"comment_status":"open","ping_status":"open","sticky":false,"template":"","format":"standard","meta":{"om_disable_all_campaigns":false,"_monsterinsights_skip_tracking":false,"_monsterinsights_sitenote_active":false,"_monsterinsights_sitenote_note":"","_monsterinsights_sitenote_category":0,"jnews-multi-image_gallery":[],"jnews_single_post":{"format":"standard"},"jnews_primary_category":[],"footnotes":""},"categories":[1],"tags":[],"class_list":["post-97684","post","type-post","status-publish","format-standard","has-post-thumbnail","hentry","category-uncategorized"],"aioseo_notices":[],"_links":{"self":[{"href":"https:\/\/estado29.mx\/index.php?rest_route=\/wp\/v2\/posts\/97684","targetHints":{"allow":["GET"]}}],"collection":[{"href":"https:\/\/estado29.mx\/index.php?rest_route=\/wp\/v2\/posts"}],"about":[{"href":"https:\/\/estado29.mx\/index.php?rest_route=\/wp\/v2\/types\/post"}],"author":[{"embeddable":true,"href":"https:\/\/estado29.mx\/index.php?rest_route=\/wp\/v2\/users\/5"}],"replies":[{"embeddable":true,"href":"https:\/\/estado29.mx\/index.php?rest_route=%2Fwp%2Fv2%2Fcomments&post=97684"}],"version-history":[{"count":1,"href":"https:\/\/estado29.mx\/index.php?rest_route=\/wp\/v2\/posts\/97684\/revisions"}],"predecessor-version":[{"id":97686,"href":"https:\/\/estado29.mx\/index.php?rest_route=\/wp\/v2\/posts\/97684\/revisions\/97686"}],"wp:featuredmedia":[{"embeddable":true,"href":"https:\/\/estado29.mx\/index.php?rest_route=\/wp\/v2\/media\/97685"}],"wp:attachment":[{"href":"https:\/\/estado29.mx\/index.php?rest_route=%2Fwp%2Fv2%2Fmedia&parent=97684"}],"wp:term":[{"taxonomy":"category","embeddable":true,"href":"https:\/\/estado29.mx\/index.php?rest_route=%2Fwp%2Fv2%2Fcategories&post=97684"},{"taxonomy":"post_tag","embeddable":true,"href":"https:\/\/estado29.mx\/index.php?rest_route=%2Fwp%2Fv2%2Ftags&post=97684"}],"curies":[{"name":"wp","href":"https:\/\/api.w.org\/{rel}","templated":true}]}}