{"id":97696,"date":"2025-07-25T23:35:45","date_gmt":"2025-07-25T23:35:45","guid":{"rendered":"https:\/\/estado29.mx\/?p=97696"},"modified":"2025-08-01T01:33:39","modified_gmt":"2025-08-01T01:33:39","slug":"rector-de-la-uatx-pone-en-marcha-curso-de-formacion-profesional-para-docentes-de-la-fcdh","status":"publish","type":"post","link":"https:\/\/estado29.mx\/?p=97696","title":{"rendered":"Rector de la UATx pone en marcha \u201cCurso de formaci\u00f3n profesional para docentes\u201d de la FCDH"},"content":{"rendered":"<figure class=\"wp-block-post-featured-image\"><img loading=\"lazy\" decoding=\"async\" width=\"1192\" height=\"733\" src=\"https:\/\/estado29.mx\/wp-content\/uploads\/2025\/07\/WhatsApp-Image-2025-07-25-at-5.35.21-PM.jpeg\" class=\"attachment-post-thumbnail size-post-thumbnail wp-post-image\" alt=\"\" style=\"object-fit:cover;\" srcset=\"https:\/\/estado29.mx\/wp-content\/uploads\/2025\/07\/WhatsApp-Image-2025-07-25-at-5.35.21-PM.jpeg 1192w, https:\/\/estado29.mx\/wp-content\/uploads\/2025\/07\/WhatsApp-Image-2025-07-25-at-5.35.21-PM-300x184.jpeg 300w, https:\/\/estado29.mx\/wp-content\/uploads\/2025\/07\/WhatsApp-Image-2025-07-25-at-5.35.21-PM-1024x630.jpeg 1024w, https:\/\/estado29.mx\/wp-content\/uploads\/2025\/07\/WhatsApp-Image-2025-07-25-at-5.35.21-PM-768x472.jpeg 768w, https:\/\/estado29.mx\/wp-content\/uploads\/2025\/07\/WhatsApp-Image-2025-07-25-at-5.35.21-PM-750x461.jpeg 750w, https:\/\/estado29.mx\/wp-content\/uploads\/2025\/07\/WhatsApp-Image-2025-07-25-at-5.35.21-PM-1140x701.jpeg 1140w\" sizes=\"auto, (max-width: 1192px) 100vw, 1192px\" \/><\/figure>\n\n\n<p>\u00fc La Universidad avanza en la apropiaci\u00f3n del MHIC<\/p>\n\n\n\n<p>El Modelo Humanista Integrador Basado en Capacidades (MHIC) transita de forma exitosa a nivel nacional e internacional porque orienta la trayectoria de los estudiantes, focalizando el aprendizaje en la soluci\u00f3n de la problem\u00e1tica social, afirm\u00f3 el Doctor Seraf\u00edn Ortiz Ortiz, Rector de la Universidad Aut\u00f3noma de Tlaxcala (UATx), al inaugurar el \u201cCurso de formaci\u00f3n profesional para docentes\u201d, dirigido a los catedr\u00e1ticos de las licenciaturas en Educaci\u00f3n Especial, Ciencias de la Familia y Gerontolog\u00eda Social de la Facultad de Ciencias para el Desarrollo Humano.<\/p>\n\n\n\n<p>Al iniciar los trabajos, en formato virtual, de este foro que busca la apropiaci\u00f3n del MHIC y el fortalecimiento de la identidad y pertenencia, el Rector de la UATx subray\u00f3 que este modelo humanista educativo se fundamenta en el cuarto eje sustantivo de la Autorrealizaci\u00f3n a trav\u00e9s del cual se articulan la docencia, investigaci\u00f3n y la difusi\u00f3n de la cultura, elementos que justifican su enfoque filos\u00f3fico.<\/p>\n\n\n\n<p>De igual forma, agreg\u00f3 que su car\u00e1cter integrador de saberes tiene que ver esencialmente con esa hist\u00f3rica proyecci\u00f3n de la educaci\u00f3n superior de vincular teor\u00eda y pr\u00e1ctica, por ello, esta Casa de Estudios ha adoptado la praxis como categor\u00eda epist\u00e9mica que implica transformaci\u00f3n, lo que conlleva a que al egresar los estudiantes contribuyen al desarrollo de mejores condiciones de vida de su comunidad.<\/p>\n\n\n\n<p>Reconoci\u00f3 el trabajo que impulsa la Facultad de Ciencias del Desarrollo Humano por su apropiaci\u00f3n y socializaci\u00f3n del MHIC, el cual se proyecta en la formaci\u00f3n de sus estudiantes con un enfoque centrado en el aprendizaje. Enseguida, los conmin\u00f3 a participar en programas de vinculaci\u00f3n y movilidad docente y estudiantil para que compartan en otros escenarios las experiencias formativas que se tienen en la UATx.<\/p>\n\n\n\n<p>Por \u00faltimo, el Doctor Seraf\u00edn Ortiz record\u00f3 que en fechas recientes ha presentado el modelo educativo de la UATx en diferentes foros de Am\u00e9rica Latina, con especial \u00e9nfasis en su visi\u00f3n humanista y en la integraci\u00f3n de saberes, centrando la atenci\u00f3n en el estudiante; y ante sus vertientes innovadoras ya se han recibido diversas invitaciones para darse a conocer en otras latitudes del continente.<\/p>\n\n\n\n<p>Por su parte, el Doctor Josu\u00e9 Antonio Camacho Candia, Director de la Facultad de Ciencias para el Desarrollo Humano, puntualiz\u00f3 que la apropiaci\u00f3n del MHIC es fundamental porque va a permitir reordenar y hacer mejoras en el proceso de ense\u00f1anza-aprendizaje de los estudiantes considerando las caracter\u00edsticas de cada uno de los programas educativos, con \u00e9nfasis en el fortalecimiento de su capacidad profesional.<\/p>\n\n\n\n<p>Indic\u00f3 que el humanismo contempor\u00e1neo es la base pedag\u00f3gica que se practica en tres niveles y que tiene que ver con el estudio de los valores, la formaci\u00f3n de los educandos apegada a la normatividad y la<\/p>\n\n\n\n<p>aplicaci\u00f3n de conocimientos y experiencias, por ello, este enfoque humanista se relaciona con la autorrealizaci\u00f3n del ser humano que implica la consecuci\u00f3n de fines y prop\u00f3sitos, y el conocimiento de la realidad social en todos sus aspectos, desde las bases de la formaci\u00f3n profesional con perspectiva humanista para contribuir a la soluci\u00f3n de las problem\u00e1ticas sociales.<\/p>\n\n\n\n<p>Entre los temas a tratar en el curso se encuentran Identidad y distinci\u00f3n: La Licenciatura en Educaci\u00f3n Especial de la UATx, Construcci\u00f3n de la identidad de las y los famili\u00f3logos en el MHIC, Entre capacidades y vocaci\u00f3n: la identidad profesional en la Gerontolog\u00eda Social, y Aprendizajes significativos que no se ense\u00f1an en la escuela.<\/p>\n","protected":false},"excerpt":{"rendered":"<p>\u00fc La Universidad avanza en la apropiaci\u00f3n del MHIC El Modelo Humanista Integrador Basado en Capacidades (MHIC) transita de forma exitosa a nivel nacional e internacional porque orienta la trayectoria de los estudiantes, focalizando el aprendizaje en la soluci\u00f3n de la problem\u00e1tica social, afirm\u00f3 el Doctor Seraf\u00edn Ortiz Ortiz, Rector de la Universidad Aut\u00f3noma de [&hellip;]<\/p>\n","protected":false},"author":9,"featured_media":97697,"comment_status":"open","ping_status":"open","sticky":false,"template":"","format":"standard","meta":{"om_disable_all_campaigns":false,"_monsterinsights_skip_tracking":false,"_monsterinsights_sitenote_active":false,"_monsterinsights_sitenote_note":"","_monsterinsights_sitenote_category":0,"jnews-multi-image_gallery":[],"jnews_single_post":{"format":"standard"},"jnews_primary_category":[],"footnotes":""},"categories":[1],"tags":[],"class_list":["post-97696","post","type-post","status-publish","format-standard","has-post-thumbnail","hentry","category-uncategorized"],"aioseo_notices":[],"_links":{"self":[{"href":"https:\/\/estado29.mx\/index.php?rest_route=\/wp\/v2\/posts\/97696","targetHints":{"allow":["GET"]}}],"collection":[{"href":"https:\/\/estado29.mx\/index.php?rest_route=\/wp\/v2\/posts"}],"about":[{"href":"https:\/\/estado29.mx\/index.php?rest_route=\/wp\/v2\/types\/post"}],"author":[{"embeddable":true,"href":"https:\/\/estado29.mx\/index.php?rest_route=\/wp\/v2\/users\/9"}],"replies":[{"embeddable":true,"href":"https:\/\/estado29.mx\/index.php?rest_route=%2Fwp%2Fv2%2Fcomments&post=97696"}],"version-history":[{"count":1,"href":"https:\/\/estado29.mx\/index.php?rest_route=\/wp\/v2\/posts\/97696\/revisions"}],"predecessor-version":[{"id":97698,"href":"https:\/\/estado29.mx\/index.php?rest_route=\/wp\/v2\/posts\/97696\/revisions\/97698"}],"wp:featuredmedia":[{"embeddable":true,"href":"https:\/\/estado29.mx\/index.php?rest_route=\/wp\/v2\/media\/97697"}],"wp:attachment":[{"href":"https:\/\/estado29.mx\/index.php?rest_route=%2Fwp%2Fv2%2Fmedia&parent=97696"}],"wp:term":[{"taxonomy":"category","embeddable":true,"href":"https:\/\/estado29.mx\/index.php?rest_route=%2Fwp%2Fv2%2Fcategories&post=97696"},{"taxonomy":"post_tag","embeddable":true,"href":"https:\/\/estado29.mx\/index.php?rest_route=%2Fwp%2Fv2%2Ftags&post=97696"}],"curies":[{"name":"wp","href":"https:\/\/api.w.org\/{rel}","templated":true}]}}