{"id":97703,"date":"2025-07-28T03:34:15","date_gmt":"2025-07-28T03:34:15","guid":{"rendered":"https:\/\/estado29.mx\/?p=97703"},"modified":"2025-08-01T01:39:53","modified_gmt":"2025-08-01T01:39:53","slug":"inicia-pc-de-huamantla-con-acciones-para-la-feria-2025","status":"publish","type":"post","link":"https:\/\/estado29.mx\/?p=97703","title":{"rendered":"Inicia PC de Huamantla con acciones para la Feria 2025."},"content":{"rendered":"\n<p>Javier Romero, Coordinador de Protecci\u00f3n Civil de Huamantla, en entrevista dio a conocer que desde que tom\u00f3 el mando en esa \u00e1rea del ayuntamiento retom\u00f3 los trabajos para la ejecuci\u00f3n de la Feria en la edici\u00f3n 2025.<\/p>\n\n\n\n<p>Puntualiz\u00f3 que se ha iniciado con la supervisi\u00f3n de la colocaci\u00f3n del domo que albergar\u00e1 el foro del artista as\u00ed como los locales comerciales as\u00ed como la instalaci\u00f3n de los juegos mec\u00e1nicos, mismos que tendr\u00e1n que estar colocados perfectamente sobre todo si se presenta r\u00e1fagas de viento o lluvias para que con ello, los asistentes no sufran alg\u00fan incidente.<\/p>\n\n\n\n<p>Tambi\u00e9n la supervisi\u00f3n de rutas de evacuaci\u00f3n, se\u00f1aleticas, l\u00edneas de vida, adem\u00e1s de la correcta instalaci\u00f3n de gas LP e instalaciones de corriente el\u00e9ctrica.<\/p>\n\n\n\n<p>Expres\u00f3 que actualmente cuentan con 12 personas quienes integran la coordinaci\u00f3n de Protecci\u00f3n Civil con la capacidad suficiente para atener cualquier tipo de eventualidad, adem\u00e1s de 5 unidades para la atenci\u00f3n de las mismas.<\/p>\n\n\n\n<p>Reconoci\u00f3 que por la magnitud de la feria de huamantla el personal es insuficiente, no obstante, la cooperaci\u00f3n con otros municipios como Ixtenco, Zitlaltepec, Atltzayanca, Apizaco, Tocatl\u00e1n y otros permite la atenci\u00f3n de manera puntual.&nbsp;<\/p>\n\n\n\n<p>Finalmente inform\u00f3 que se ha tenido reuniones con los organizadores de eventos, sobre todos los de mayor concentraci\u00f3n de personas como la Huamantlada, Carrera de carcachas, desfile taurino y de las flores, entre otros.<\/p>\n\n\n\n<p>A\u00f1adi\u00f3 que se tendr\u00e1 la cooperaci\u00f3n de la Coordinaci\u00f3n de Protecci\u00f3n Civil Estatal para la supervisi\u00f3n de espacios, lugares y estrategias para garantizar el bienestar tanto de locales como de visitantes.&nbsp;&nbsp;<\/p>\n","protected":false},"excerpt":{"rendered":"<p>Javier Romero, Coordinador de Protecci\u00f3n Civil de Huamantla, en entrevista dio a conocer que desde que tom\u00f3 el mando en esa \u00e1rea del ayuntamiento retom\u00f3 los trabajos para la ejecuci\u00f3n de la Feria en la edici\u00f3n 2025. Puntualiz\u00f3 que se ha iniciado con la supervisi\u00f3n de la colocaci\u00f3n del domo que albergar\u00e1 el foro del [&hellip;]<\/p>\n","protected":false},"author":5,"featured_media":97704,"comment_status":"open","ping_status":"open","sticky":false,"template":"","format":"standard","meta":{"om_disable_all_campaigns":false,"_monsterinsights_skip_tracking":false,"_monsterinsights_sitenote_active":false,"_monsterinsights_sitenote_note":"","_monsterinsights_sitenote_category":0,"jnews-multi-image_gallery":[],"jnews_single_post":{"format":"standard"},"jnews_primary_category":[],"footnotes":""},"categories":[1],"tags":[],"class_list":["post-97703","post","type-post","status-publish","format-standard","has-post-thumbnail","hentry","category-uncategorized"],"aioseo_notices":[],"_links":{"self":[{"href":"https:\/\/estado29.mx\/index.php?rest_route=\/wp\/v2\/posts\/97703","targetHints":{"allow":["GET"]}}],"collection":[{"href":"https:\/\/estado29.mx\/index.php?rest_route=\/wp\/v2\/posts"}],"about":[{"href":"https:\/\/estado29.mx\/index.php?rest_route=\/wp\/v2\/types\/post"}],"author":[{"embeddable":true,"href":"https:\/\/estado29.mx\/index.php?rest_route=\/wp\/v2\/users\/5"}],"replies":[{"embeddable":true,"href":"https:\/\/estado29.mx\/index.php?rest_route=%2Fwp%2Fv2%2Fcomments&post=97703"}],"version-history":[{"count":1,"href":"https:\/\/estado29.mx\/index.php?rest_route=\/wp\/v2\/posts\/97703\/revisions"}],"predecessor-version":[{"id":97705,"href":"https:\/\/estado29.mx\/index.php?rest_route=\/wp\/v2\/posts\/97703\/revisions\/97705"}],"wp:featuredmedia":[{"embeddable":true,"href":"https:\/\/estado29.mx\/index.php?rest_route=\/wp\/v2\/media\/97704"}],"wp:attachment":[{"href":"https:\/\/estado29.mx\/index.php?rest_route=%2Fwp%2Fv2%2Fmedia&parent=97703"}],"wp:term":[{"taxonomy":"category","embeddable":true,"href":"https:\/\/estado29.mx\/index.php?rest_route=%2Fwp%2Fv2%2Fcategories&post=97703"},{"taxonomy":"post_tag","embeddable":true,"href":"https:\/\/estado29.mx\/index.php?rest_route=%2Fwp%2Fv2%2Ftags&post=97703"}],"curies":[{"name":"wp","href":"https:\/\/api.w.org\/{rel}","templated":true}]}}