{"id":97713,"date":"2025-07-28T13:22:17","date_gmt":"2025-07-28T13:22:17","guid":{"rendered":"https:\/\/estado29.mx\/?p=97713"},"modified":"2025-08-01T01:39:41","modified_gmt":"2025-08-01T01:39:41","slug":"sma-se-suma-a-llamado-de-conagua-para-reforestar-limpiar-y-sanear-la-cuenca-del-alto-atoyac","status":"publish","type":"post","link":"https:\/\/estado29.mx\/?p=97713","title":{"rendered":"SMA se suma a llamado de CONAGUA para reforestar, limpiar y sanear la cuenca del alto Atoyac"},"content":{"rendered":"\n<p><\/p>\n\n\n\n<p>*Se retiraron dos toneladas de residuos y se plantaron m\u00e1s de 500 \u00e1rboles nativos<\/p>\n\n\n\n<p>La Secretar\u00eda de Medio Ambiente (SMA) se sum\u00f3 a las Jornadas de Restauraci\u00f3n y Saneamiento de la Cuenca del Alto Atoyac, con acciones concretas en los municipios de Tlaxco, San Lucas Tecopilco, Xaltocan y, recientemente, en Mu\u00f1oz de Domingo Arenas.<\/p>\n\n\n\n<p>El titular de la SMA, Pedro Aquino Alvarado, encabez\u00f3 los trabajos en la barranca de San Jos\u00e9 Cuamatzingo, en el municipio de Mu\u00f1oz de Domingo Arenas, junto con ocho brigadas estatales y federales, quienes realizaron labores de limpieza, desazolve, poda, retiro de maleza y reforestaci\u00f3n en un tramo de kil\u00f3metro y medio a lo largo de los m\u00e1rgenes del afluente.<\/p>\n\n\n\n<p>En esta zona, se retiraron m\u00e1s de dos toneladas de residuos s\u00f3lidos y se plantaron m\u00e1s de 500 \u00e1rboles nativos, contribuyendo a la retenci\u00f3n de agua, la recuperaci\u00f3n del ecosistema y la lucha contra la erosi\u00f3n del suelo.<\/p>\n\n\n\n<p>\u201cLa reforestaci\u00f3n es una acci\u00f3n que dejar\u00e1 huella para las siguientes generaciones. Recuperar esta cuenca no es solo una meta ambiental, es un acto de justicia para la salud de nuestras comunidades y la vida del r\u00edo\u201d, afirm\u00f3 Aquino Alvarado.<\/p>\n\n\n\n<p>El secretario de Medio Ambiente llam\u00f3 a la ciudadan\u00eda a convertirse en guardianes del Atoyac, denunciando cualquier acto de contaminaci\u00f3n y sum\u00e1ndose a las labores de vigilancia y saneamiento.<\/p>\n\n\n\n<p>A esta jornada se sumaron dependencias federales como la Comisi\u00f3n Nacional del Agua (Conagua), la Secretar\u00eda de Medio Ambiente y Recursos Naturales (Semarnat), la Comisi\u00f3n Nacional de \u00c1reas Naturales Protegidas (Conanp) y la Procuradur\u00eda Federal de Protecci\u00f3n al Ambiente (Profepa).<\/p>\n\n\n\n<p>Por parte del Gobierno del Estado participaron la Procuradur\u00eda de Protecci\u00f3n al Ambiente del estado (Propaet), la Comisi\u00f3n Estatal para la Prevenci\u00f3n de Riesgos Sanitarios (Coeprist), la Comisi\u00f3n Estatal de Agua y Saneamiento (CEAS) y la Secretar\u00eda de Salud del Estado (SESA), adem\u00e1s de autoridades municipales, voluntarios y habitantes de la comunidad.<\/p>\n\n\n\n<p>Estas acciones forman parte del compromiso asumido por el Gobierno del Estado con la presidenta Claudia Sheinbaum Pardo, en el marco de la estrategia nacional para el rescate ambiental del Alto Atoyac.<\/p>\n","protected":false},"excerpt":{"rendered":"<p>*Se retiraron dos toneladas de residuos y se plantaron m\u00e1s de 500 \u00e1rboles nativos La Secretar\u00eda de Medio Ambiente (SMA) se sum\u00f3 a las Jornadas de Restauraci\u00f3n y Saneamiento de la Cuenca del Alto Atoyac, con acciones concretas en los municipios de Tlaxco, San Lucas Tecopilco, Xaltocan y, recientemente, en Mu\u00f1oz de Domingo Arenas. El [&hellip;]<\/p>\n","protected":false},"author":4,"featured_media":97714,"comment_status":"open","ping_status":"open","sticky":false,"template":"","format":"standard","meta":{"om_disable_all_campaigns":false,"_monsterinsights_skip_tracking":false,"_monsterinsights_sitenote_active":false,"_monsterinsights_sitenote_note":"","_monsterinsights_sitenote_category":0,"jnews-multi-image_gallery":[],"jnews_single_post":{"format":"standard"},"jnews_primary_category":[],"footnotes":""},"categories":[1],"tags":[],"class_list":["post-97713","post","type-post","status-publish","format-standard","has-post-thumbnail","hentry","category-uncategorized"],"aioseo_notices":[],"_links":{"self":[{"href":"https:\/\/estado29.mx\/index.php?rest_route=\/wp\/v2\/posts\/97713","targetHints":{"allow":["GET"]}}],"collection":[{"href":"https:\/\/estado29.mx\/index.php?rest_route=\/wp\/v2\/posts"}],"about":[{"href":"https:\/\/estado29.mx\/index.php?rest_route=\/wp\/v2\/types\/post"}],"author":[{"embeddable":true,"href":"https:\/\/estado29.mx\/index.php?rest_route=\/wp\/v2\/users\/4"}],"replies":[{"embeddable":true,"href":"https:\/\/estado29.mx\/index.php?rest_route=%2Fwp%2Fv2%2Fcomments&post=97713"}],"version-history":[{"count":1,"href":"https:\/\/estado29.mx\/index.php?rest_route=\/wp\/v2\/posts\/97713\/revisions"}],"predecessor-version":[{"id":97715,"href":"https:\/\/estado29.mx\/index.php?rest_route=\/wp\/v2\/posts\/97713\/revisions\/97715"}],"wp:featuredmedia":[{"embeddable":true,"href":"https:\/\/estado29.mx\/index.php?rest_route=\/wp\/v2\/media\/97714"}],"wp:attachment":[{"href":"https:\/\/estado29.mx\/index.php?rest_route=%2Fwp%2Fv2%2Fmedia&parent=97713"}],"wp:term":[{"taxonomy":"category","embeddable":true,"href":"https:\/\/estado29.mx\/index.php?rest_route=%2Fwp%2Fv2%2Fcategories&post=97713"},{"taxonomy":"post_tag","embeddable":true,"href":"https:\/\/estado29.mx\/index.php?rest_route=%2Fwp%2Fv2%2Ftags&post=97713"}],"curies":[{"name":"wp","href":"https:\/\/api.w.org\/{rel}","templated":true}]}}