{"id":97722,"date":"2025-07-28T13:30:36","date_gmt":"2025-07-28T13:30:36","guid":{"rendered":"https:\/\/estado29.mx\/?p=97722"},"modified":"2025-08-01T01:39:29","modified_gmt":"2025-08-01T01:39:29","slug":"icatlax-y-fomtlax-fortalecen-capacitacion-y-emprendimiento-en-el-estado","status":"publish","type":"post","link":"https:\/\/estado29.mx\/?p=97722","title":{"rendered":"ICATLAX y FOMTLAX fortalecen capacitaci\u00f3n y emprendimiento en el estado"},"content":{"rendered":"\n<p><\/p>\n\n\n\n<p>*Ambas instituciones trabajar\u00e1n de forma coordinada para ofrecer cursos especializados y educaci\u00f3n financiera a emprendedores<\/p>\n\n\n\n<p>El Instituto de Capacitaci\u00f3n para el Trabajo (Icatlax) impartir\u00e1 cursos especializados en distintas modalidades a personas beneficiarias de los programas de financiamiento del Fondo Macro para el Desarrollo Integral de Tlaxcala (Fomtlax), con la finalidad de fortalecer las oportunidades de desarrollo econ\u00f3mico de las y los emprendedores locales.<\/p>\n\n\n\n<p>A trav\u00e9s de un convenio de colaboraci\u00f3n, se mejorar\u00e1n los conocimientos y habilidades de microempresarios para elevar su productividad, facilitar el acceso a financiamiento y generar mayores ingresos.<\/p>\n\n\n\n<p>El director general del Icatlax, Juan Javier Potrero Tizamitl, subray\u00f3 que esta estrategia integral combina la capacitaci\u00f3n con el acceso a cr\u00e9ditos, permitiendo a los emprendedores contar con herramientas reales para consolidar sus proyectos.<\/p>\n\n\n\n<p>\u201cGracias al impulso de nuestra gobernadora Lorena Cu\u00e9llar Cisneros, hoy estamos concretando acciones conjuntas que reflejan un liderazgo sensible, din\u00e1mico y comprometido con el bienestar de la poblaci\u00f3n\u201d, expres\u00f3.<\/p>\n\n\n\n<p>Por su parte, el director general del Fomtlax, Carlos Augusto P\u00e9rez Hern\u00e1ndez, destac\u00f3 la labor del Icatlax en todo el estado y anunci\u00f3 que, como parte de esta colaboraci\u00f3n, tambi\u00e9n se brindar\u00e1n cursos de educaci\u00f3n financiera a quienes accedan a los programas de la dependencia.<\/p>\n\n\n\n<p>Al concluir cada curso, las y los beneficiarios recibir\u00e1n una constancia oficial avalada por la Secretar\u00eda de Educaci\u00f3n P\u00fablica (SEP).<\/p>\n\n\n\n<p>En el evento estuvieron presentes Mar\u00eda de Lourdes Montiel Cer\u00f3n, directora de Vinculaci\u00f3n del Icatlax; Marco Antonio L\u00f3pez P\u00e9rez, jefe del departamento Jur\u00eddico de Fomtlax; y Domingo Cuahutencos Zempoalteca, jefe del departamento Jur\u00eddico del Instituto.<\/p>\n","protected":false},"excerpt":{"rendered":"<p>*Ambas instituciones trabajar\u00e1n de forma coordinada para ofrecer cursos especializados y educaci\u00f3n financiera a emprendedores El Instituto de Capacitaci\u00f3n para el Trabajo (Icatlax) impartir\u00e1 cursos especializados en distintas modalidades a personas beneficiarias de los programas de financiamiento del Fondo Macro para el Desarrollo Integral de Tlaxcala (Fomtlax), con la finalidad de fortalecer las oportunidades de [&hellip;]<\/p>\n","protected":false},"author":4,"featured_media":97723,"comment_status":"open","ping_status":"open","sticky":false,"template":"","format":"standard","meta":{"om_disable_all_campaigns":false,"_monsterinsights_skip_tracking":false,"_monsterinsights_sitenote_active":false,"_monsterinsights_sitenote_note":"","_monsterinsights_sitenote_category":0,"jnews-multi-image_gallery":[],"jnews_single_post":{"format":"standard"},"jnews_primary_category":[],"footnotes":""},"categories":[1],"tags":[],"class_list":["post-97722","post","type-post","status-publish","format-standard","has-post-thumbnail","hentry","category-uncategorized"],"aioseo_notices":[],"_links":{"self":[{"href":"https:\/\/estado29.mx\/index.php?rest_route=\/wp\/v2\/posts\/97722","targetHints":{"allow":["GET"]}}],"collection":[{"href":"https:\/\/estado29.mx\/index.php?rest_route=\/wp\/v2\/posts"}],"about":[{"href":"https:\/\/estado29.mx\/index.php?rest_route=\/wp\/v2\/types\/post"}],"author":[{"embeddable":true,"href":"https:\/\/estado29.mx\/index.php?rest_route=\/wp\/v2\/users\/4"}],"replies":[{"embeddable":true,"href":"https:\/\/estado29.mx\/index.php?rest_route=%2Fwp%2Fv2%2Fcomments&post=97722"}],"version-history":[{"count":1,"href":"https:\/\/estado29.mx\/index.php?rest_route=\/wp\/v2\/posts\/97722\/revisions"}],"predecessor-version":[{"id":97724,"href":"https:\/\/estado29.mx\/index.php?rest_route=\/wp\/v2\/posts\/97722\/revisions\/97724"}],"wp:featuredmedia":[{"embeddable":true,"href":"https:\/\/estado29.mx\/index.php?rest_route=\/wp\/v2\/media\/97723"}],"wp:attachment":[{"href":"https:\/\/estado29.mx\/index.php?rest_route=%2Fwp%2Fv2%2Fmedia&parent=97722"}],"wp:term":[{"taxonomy":"category","embeddable":true,"href":"https:\/\/estado29.mx\/index.php?rest_route=%2Fwp%2Fv2%2Fcategories&post=97722"},{"taxonomy":"post_tag","embeddable":true,"href":"https:\/\/estado29.mx\/index.php?rest_route=%2Fwp%2Fv2%2Ftags&post=97722"}],"curies":[{"name":"wp","href":"https:\/\/api.w.org\/{rel}","templated":true}]}}