{"id":97740,"date":"2025-07-29T13:13:56","date_gmt":"2025-07-29T13:13:56","guid":{"rendered":"https:\/\/estado29.mx\/?p=97740"},"modified":"2025-08-01T01:45:06","modified_gmt":"2025-08-01T01:45:06","slug":"inauguran-curso-de-verano-2025-yo-prevengo-desde-pequeno","status":"publish","type":"post","link":"https:\/\/estado29.mx\/?p=97740","title":{"rendered":"Inauguran curso de verano 2025 \u201cyo prevengo desde peque\u00f1o\u201d"},"content":{"rendered":"\n<p><\/p>\n\n\n\n<p>\u2022 Del 28 de julio al 8 de agosto, ni\u00f1as y ni\u00f1os podr\u00e1n disfrutar de diferentes actividades recreativas.<\/p>\n\n\n\n<p>Con el firme prop\u00f3sito de brindar espacios seguros, educativos y recreativos para ni\u00f1as y ni\u00f1os durante el periodo vacacional, este lunes se llev\u00f3 a cabo la inauguraci\u00f3n oficial del Curso de Verano 2025 \u201cYo Prevengo Desde Peque\u00f1o\u201d, organizado por la Secretar\u00eda de Seguridad Ciudadana (SSC) en coordinaci\u00f3n con la diputada Sandra Aguilar Vega.<\/p>\n\n\n\n<p>El curso, que se desarrollar\u00e1 del 28 de julio al 8 de agosto, est\u00e1 dirigido a menores de 5 a 11 a\u00f1os y tiene como objetivo principal ofrecer actividades integrales que fomenten el aprendizaje, el crecimiento personal, la sana convivencia y el fortalecimiento de valores.<\/p>\n\n\n\n<p>Durante la ceremonia inaugural, Jos\u00e9 Alonso Cruz Ram\u00edrez, director de Inteligencia para la Prevenci\u00f3n, en representaci\u00f3n del titular de la SSC, Alberto Mart\u00edn Perea Marrufo, subray\u00f3 la importancia de este tipo de programas como herramientas para fortalecer el tejido social, \u201ca trav\u00e9s de actividades l\u00fadicas, culturales, deportivas y formativas, los participantes tendr\u00e1n la oportunidad de explorar sus talentos, aprender nuevas habilidades y convivir en un ambiente sano y respetuoso\u201d, indic\u00f3.<\/p>\n\n\n\n<p>Por su parte, la diputada Sandra Aguilar Vega expres\u00f3 su entusiasmo por participar en una iniciativa que no solo promueve el desarrollo educativo y emocional de la ni\u00f1ez, sino que tambi\u00e9n impulsa la prevenci\u00f3n del delito desde una perspectiva social, inculcando el respeto, la responsabilidad y la solidaridad.<\/p>\n\n\n\n<p>Entre las actividades programadas destacan visitas al Parque Nacional La Malinche, a las instalaciones del H. Cuerpo de Bomberos, a la Unidad Canina K9, recorridos en el Zool\u00f3gico del Altiplano, el Acuario Michin en Puebla, la Secretar\u00eda del Bienestar Animal, simulacros por parte de la Coordinaci\u00f3n Estatal de Protecci\u00f3n Civil y actividades especiales en el Congreso del Estado, entre otras.<\/p>\n\n\n\n<p>El Curso de Verano 2025 se convierte as\u00ed en una valiosa oportunidad para que la ni\u00f1ez tlaxcalteca viva unas vacaciones diferentes, rodeada de aprendizajes y experiencias positivas que contribuyan a su desarrollo integral.<\/p>\n\n\n\n<p>Con esta iniciativa, la SSC y la diputada Sandra Aguilar Vega reiteran su compromiso con el bienestar de la ni\u00f1ez y la construcci\u00f3n de una sociedad m\u00e1s fuerte, unida y con sentido de comunidad.<\/p>\n\n\n\n<p><\/p>\n","protected":false},"excerpt":{"rendered":"<p>\u2022 Del 28 de julio al 8 de agosto, ni\u00f1as y ni\u00f1os podr\u00e1n disfrutar de diferentes actividades recreativas. Con el firme prop\u00f3sito de brindar espacios seguros, educativos y recreativos para ni\u00f1as y ni\u00f1os durante el periodo vacacional, este lunes se llev\u00f3 a cabo la inauguraci\u00f3n oficial del Curso de Verano 2025 \u201cYo Prevengo Desde Peque\u00f1o\u201d, [&hellip;]<\/p>\n","protected":false},"author":4,"featured_media":97741,"comment_status":"open","ping_status":"open","sticky":false,"template":"","format":"standard","meta":{"om_disable_all_campaigns":false,"_monsterinsights_skip_tracking":false,"_monsterinsights_sitenote_active":false,"_monsterinsights_sitenote_note":"","_monsterinsights_sitenote_category":0,"jnews-multi-image_gallery":[],"jnews_single_post":{"format":"standard"},"jnews_primary_category":[],"footnotes":""},"categories":[1],"tags":[],"class_list":["post-97740","post","type-post","status-publish","format-standard","has-post-thumbnail","hentry","category-uncategorized"],"aioseo_notices":[],"_links":{"self":[{"href":"https:\/\/estado29.mx\/index.php?rest_route=\/wp\/v2\/posts\/97740","targetHints":{"allow":["GET"]}}],"collection":[{"href":"https:\/\/estado29.mx\/index.php?rest_route=\/wp\/v2\/posts"}],"about":[{"href":"https:\/\/estado29.mx\/index.php?rest_route=\/wp\/v2\/types\/post"}],"author":[{"embeddable":true,"href":"https:\/\/estado29.mx\/index.php?rest_route=\/wp\/v2\/users\/4"}],"replies":[{"embeddable":true,"href":"https:\/\/estado29.mx\/index.php?rest_route=%2Fwp%2Fv2%2Fcomments&post=97740"}],"version-history":[{"count":1,"href":"https:\/\/estado29.mx\/index.php?rest_route=\/wp\/v2\/posts\/97740\/revisions"}],"predecessor-version":[{"id":97742,"href":"https:\/\/estado29.mx\/index.php?rest_route=\/wp\/v2\/posts\/97740\/revisions\/97742"}],"wp:featuredmedia":[{"embeddable":true,"href":"https:\/\/estado29.mx\/index.php?rest_route=\/wp\/v2\/media\/97741"}],"wp:attachment":[{"href":"https:\/\/estado29.mx\/index.php?rest_route=%2Fwp%2Fv2%2Fmedia&parent=97740"}],"wp:term":[{"taxonomy":"category","embeddable":true,"href":"https:\/\/estado29.mx\/index.php?rest_route=%2Fwp%2Fv2%2Fcategories&post=97740"},{"taxonomy":"post_tag","embeddable":true,"href":"https:\/\/estado29.mx\/index.php?rest_route=%2Fwp%2Fv2%2Ftags&post=97740"}],"curies":[{"name":"wp","href":"https:\/\/api.w.org\/{rel}","templated":true}]}}