{"id":97743,"date":"2025-07-29T13:20:32","date_gmt":"2025-07-29T13:20:32","guid":{"rendered":"https:\/\/estado29.mx\/?p=97743"},"modified":"2025-08-01T01:45:02","modified_gmt":"2025-08-01T01:45:02","slug":"instalan-en-tlaxcala-mesa-estatal-del-programa-federal-salud-casa-por-casa","status":"publish","type":"post","link":"https:\/\/estado29.mx\/?p=97743","title":{"rendered":"Instalan en Tlaxcala mesa estatal del programa federal &#8220;Salud Casa por Casa&#8221;"},"content":{"rendered":"\n<p><\/p>\n\n\n\n<p>&#8220;Es un logro hist\u00f3rico para adultos mayores y personas con discapacidad&#8221;: Carlos Luna V\u00e1zquez<\/p>\n\n\n\n<p>La presidenta de M\u00e9xico Claudia Sheinbaum Pardo, aporta a una mejor calidad de vida de las y los mexicanos, con el programa &#8220;Salud Casa por Casa&#8221; por ello, este d\u00eda se instal\u00f3 formalmente en Tlaxcala la Mesa Estatal de dicho programa a fin de coordinar, atender y dar seguimiento a temas prioritarios en la operaci\u00f3n de este beneficio ciudadano, de manera conjunta con los actores del sector salud involucrados.<\/p>\n\n\n\n<p>El Delegado Federal en Tlaxcala, Carlos Luna V\u00e1zquez detall\u00f3 que en este ejercicio de bienestar para personas adultas mayores y con discapacidad, se mantendr\u00e1 el enfoque en el seguimiento puntual y territorial del programa, acto que lo hace hist\u00f3rico para M\u00e9xico y esta entidad federativa.<\/p>\n\n\n\n<p>&#8220;Las Mesas Estatales deber\u00e1n sesionar m\u00ednimo una vez a la semana o cuando se detecten problem\u00e1ticas relevantes de manera extraordinaria con el objetivo de&nbsp;mejorar las condiciones de acceso a los servicios de salud&nbsp;de las y los adultos mayores, as\u00ed como de las personas con discapacidad&#8221;, detall\u00f3.<\/p>\n\n\n\n<p>Record\u00f3 que con el programa, personas facilitadoras de salud realizar\u00e1n&nbsp;visitas peri\u00f3dicas&nbsp;a los hogares de los beneficiarios a fin de garantizar la atenci\u00f3n y seguimiento integral de su estado de salud, ya que el programa atender\u00e1 a las personas independientemente de si son o no derechohabientes del IMSS, ISSSTE o alg\u00fan otro sistema de seguridad social.<\/p>\n\n\n\n<p>Dijo que los facilitadores de la salud dar\u00e1n atenci\u00f3n m\u00e9dica preventiva y primaria, revisar\u00e1n signos vitales, podr\u00e1n hacer curaciones e incluso algunos estudios, adem\u00e1s de prescribir medicamentos que ya les hayan sido recetados previamente a las personas.<\/p>\n\n\n\n<p>A la Mesa de instalaci\u00f3n se encontraron presentes Gabriel Guti\u00e9rrez Morales, Coordinador de IMSS bienestar en Tlaxcala; Rigoberto Zamudio Meneses, Secretario de Salud; Leonel Vasquez Nava, Subdelegado M\u00e9dico del ISSSTE; as\u00ed como Fernando Moncada Jim\u00e9nez, Jefe de servicio de prestaci\u00f3nes m\u00e9dicas del IMSS.<\/p>\n","protected":false},"excerpt":{"rendered":"<p>&#8220;Es un logro hist\u00f3rico para adultos mayores y personas con discapacidad&#8221;: Carlos Luna V\u00e1zquez La presidenta de M\u00e9xico Claudia Sheinbaum Pardo, aporta a una mejor calidad de vida de las y los mexicanos, con el programa &#8220;Salud Casa por Casa&#8221; por ello, este d\u00eda se instal\u00f3 formalmente en Tlaxcala la Mesa Estatal de dicho programa [&hellip;]<\/p>\n","protected":false},"author":4,"featured_media":97744,"comment_status":"open","ping_status":"open","sticky":false,"template":"","format":"standard","meta":{"om_disable_all_campaigns":false,"_monsterinsights_skip_tracking":false,"_monsterinsights_sitenote_active":false,"_monsterinsights_sitenote_note":"","_monsterinsights_sitenote_category":0,"jnews-multi-image_gallery":[],"jnews_single_post":{"format":"standard"},"jnews_primary_category":[],"footnotes":""},"categories":[1],"tags":[],"class_list":["post-97743","post","type-post","status-publish","format-standard","has-post-thumbnail","hentry","category-uncategorized"],"aioseo_notices":[],"_links":{"self":[{"href":"https:\/\/estado29.mx\/index.php?rest_route=\/wp\/v2\/posts\/97743","targetHints":{"allow":["GET"]}}],"collection":[{"href":"https:\/\/estado29.mx\/index.php?rest_route=\/wp\/v2\/posts"}],"about":[{"href":"https:\/\/estado29.mx\/index.php?rest_route=\/wp\/v2\/types\/post"}],"author":[{"embeddable":true,"href":"https:\/\/estado29.mx\/index.php?rest_route=\/wp\/v2\/users\/4"}],"replies":[{"embeddable":true,"href":"https:\/\/estado29.mx\/index.php?rest_route=%2Fwp%2Fv2%2Fcomments&post=97743"}],"version-history":[{"count":1,"href":"https:\/\/estado29.mx\/index.php?rest_route=\/wp\/v2\/posts\/97743\/revisions"}],"predecessor-version":[{"id":97745,"href":"https:\/\/estado29.mx\/index.php?rest_route=\/wp\/v2\/posts\/97743\/revisions\/97745"}],"wp:featuredmedia":[{"embeddable":true,"href":"https:\/\/estado29.mx\/index.php?rest_route=\/wp\/v2\/media\/97744"}],"wp:attachment":[{"href":"https:\/\/estado29.mx\/index.php?rest_route=%2Fwp%2Fv2%2Fmedia&parent=97743"}],"wp:term":[{"taxonomy":"category","embeddable":true,"href":"https:\/\/estado29.mx\/index.php?rest_route=%2Fwp%2Fv2%2Fcategories&post=97743"},{"taxonomy":"post_tag","embeddable":true,"href":"https:\/\/estado29.mx\/index.php?rest_route=%2Fwp%2Fv2%2Ftags&post=97743"}],"curies":[{"name":"wp","href":"https:\/\/api.w.org\/{rel}","templated":true}]}}