{"id":97746,"date":"2025-07-29T13:22:17","date_gmt":"2025-07-29T13:22:17","guid":{"rendered":"https:\/\/estado29.mx\/?p=97746"},"modified":"2025-08-01T01:44:57","modified_gmt":"2025-08-01T01:44:57","slug":"elementos-del-cuerpo-de-bomberos-de-tlaxcala-terminan-proceso-oficial-de-capacitacion-para-manejar-unidades-de-emergencia","status":"publish","type":"post","link":"https:\/\/estado29.mx\/?p=97746","title":{"rendered":"Elementos del cuerpo de bomberos de Tlaxcala terminan proceso oficial de capacitaci\u00f3n para manejar unidades de emergencia"},"content":{"rendered":"\n<p><\/p>\n\n\n\n<p>*Tras concluir el proceso de capacitaci\u00f3n que imparti\u00f3 la SMyT para contribuir a su profesionalizaci\u00f3n, los bomberos realizaron el tr\u00e1mite para obtener este documento oficial<\/p>\n\n\n\n<p>Un total de 70 elementos del Heroico Cuerpo de Bomberos de Tlaxcala realizaron el tr\u00e1mite para obtener la licencia de conducir tipo \u201cE\u201d, necesaria para operar unidades de emergencia, tras concluir el proceso de capacitaci\u00f3n que imparti\u00f3 personal de la Secretar\u00eda de Movilidad y Transporte (SMyT), con el prop\u00f3sito de reforzar los conocimientos t\u00e9cnicos y normativos que establece la Ley y Reglamento en la materia.<\/p>\n\n\n\n<p>El titular de la SMyT, Marco Tulio Munive Temoltzin, destac\u00f3 que esta formaci\u00f3n es resultado de la coordinaci\u00f3n y esfuerzo entre dependencias para profesionalizar a los primeros respondientes y estandarizar criterios de actuaci\u00f3n en situaciones de emergencia.<\/p>\n\n\n\n<p>\u201cCuando todos hablamos el mismo lenguaje y actuamos bajo los mismos principios, no solo contribuimos a que los cuerpos de auxilio salven vidas; tambi\u00e9n construimos un entorno m\u00e1s seguras para todos\u201d, afirm\u00f3.<\/p>\n\n\n\n<p>Durante la formaci\u00f3n se comparti\u00f3 con los bomberos contenidos dise\u00f1ados para mejorar la actuaci\u00f3n de los cuerpos de emergencia bajo principios de seguridad vial, legalidad y respeto a los usuarios m\u00e1s vulnerables.<br>Adem\u00e1s, se dio a conocer el marco normativo de la Ley de Movilidad, la prevenci\u00f3n de accidentes y se\u00f1al\u00e9tica; as\u00ed como la jerarqu\u00eda de la movilidad<\/p>\n\n\n\n<p>Como resultado de esta capacitaci\u00f3n, 70 bomberos acreditaron satisfactoriamente el curso y tramitaron la licencia de conducir tipo \u201cE\u201d, que los certifica como personal oficialmente capacitado para operar veh\u00edculos de emergencia en el estado.<\/p>\n\n\n\n<p>Esta estrategia forma parte del compromiso institucional por reducir los \u00edndices de siniestralidad y profesionalizar a quienes brindan atenci\u00f3n inmediata en momentos cr\u00edticos, garantizando calles m\u00e1s seguras y respuestas m\u00e1s coordinadas.<\/p>\n","protected":false},"excerpt":{"rendered":"<p>*Tras concluir el proceso de capacitaci\u00f3n que imparti\u00f3 la SMyT para contribuir a su profesionalizaci\u00f3n, los bomberos realizaron el tr\u00e1mite para obtener este documento oficial Un total de 70 elementos del Heroico Cuerpo de Bomberos de Tlaxcala realizaron el tr\u00e1mite para obtener la licencia de conducir tipo \u201cE\u201d, necesaria para operar unidades de emergencia, tras [&hellip;]<\/p>\n","protected":false},"author":4,"featured_media":97747,"comment_status":"open","ping_status":"open","sticky":false,"template":"","format":"standard","meta":{"om_disable_all_campaigns":false,"_monsterinsights_skip_tracking":false,"_monsterinsights_sitenote_active":false,"_monsterinsights_sitenote_note":"","_monsterinsights_sitenote_category":0,"jnews-multi-image_gallery":[],"jnews_single_post":{"format":"standard"},"jnews_primary_category":[],"footnotes":""},"categories":[1],"tags":[],"class_list":["post-97746","post","type-post","status-publish","format-standard","has-post-thumbnail","hentry","category-uncategorized"],"aioseo_notices":[],"_links":{"self":[{"href":"https:\/\/estado29.mx\/index.php?rest_route=\/wp\/v2\/posts\/97746","targetHints":{"allow":["GET"]}}],"collection":[{"href":"https:\/\/estado29.mx\/index.php?rest_route=\/wp\/v2\/posts"}],"about":[{"href":"https:\/\/estado29.mx\/index.php?rest_route=\/wp\/v2\/types\/post"}],"author":[{"embeddable":true,"href":"https:\/\/estado29.mx\/index.php?rest_route=\/wp\/v2\/users\/4"}],"replies":[{"embeddable":true,"href":"https:\/\/estado29.mx\/index.php?rest_route=%2Fwp%2Fv2%2Fcomments&post=97746"}],"version-history":[{"count":1,"href":"https:\/\/estado29.mx\/index.php?rest_route=\/wp\/v2\/posts\/97746\/revisions"}],"predecessor-version":[{"id":97748,"href":"https:\/\/estado29.mx\/index.php?rest_route=\/wp\/v2\/posts\/97746\/revisions\/97748"}],"wp:featuredmedia":[{"embeddable":true,"href":"https:\/\/estado29.mx\/index.php?rest_route=\/wp\/v2\/media\/97747"}],"wp:attachment":[{"href":"https:\/\/estado29.mx\/index.php?rest_route=%2Fwp%2Fv2%2Fmedia&parent=97746"}],"wp:term":[{"taxonomy":"category","embeddable":true,"href":"https:\/\/estado29.mx\/index.php?rest_route=%2Fwp%2Fv2%2Fcategories&post=97746"},{"taxonomy":"post_tag","embeddable":true,"href":"https:\/\/estado29.mx\/index.php?rest_route=%2Fwp%2Fv2%2Ftags&post=97746"}],"curies":[{"name":"wp","href":"https:\/\/api.w.org\/{rel}","templated":true}]}}