{"id":97749,"date":"2025-07-29T13:32:06","date_gmt":"2025-07-29T13:32:06","guid":{"rendered":"https:\/\/estado29.mx\/?p=97749"},"modified":"2025-08-01T01:44:50","modified_gmt":"2025-08-01T01:44:50","slug":"tlaxcala-brilla-en-colombia-cultura-tradicion-y-solidaridad-en-la-semana-bolivariana","status":"publish","type":"post","link":"https:\/\/estado29.mx\/?p=97749","title":{"rendered":"Tlaxcala brilla en Colombia: cultura, tradici\u00f3n y solidaridad en la semana bolivariana"},"content":{"rendered":"\n<p><\/p>\n\n\n\n<p>*El estado particip\u00f3 como invitado especial en la edici\u00f3n 44 de la Semana Bolivariana y de los pa\u00edses hermanos, celebrada en Duitama<\/p>\n\n\n\n<p>Tlaxcala represent\u00f3 a M\u00e9xico como estado invitado en la edici\u00f3n 44 de la Semana Bolivariana y de los pa\u00edses hermanos, celebrada en Duitama, departamento de Boyac\u00e1, Colombia.<\/p>\n\n\n\n<p>La presencia tlaxcalteca combin\u00f3 una muestra de identidad cultural con un acto de solidaridad internacional al hacer entrega de un m\u00f3dulo de Autosuficiencia Alimentaria por parte de la Secretar\u00eda de Bienestar en beneficio de comunidades colombianas.<\/p>\n\n\n\n<p>Durante el desfile conmemorativo del D\u00eda Nacional de la Independencia de Colombia, la camada internacional de huehues de San Francisco Tlacuilohcan desfil\u00f3 por la Plaza de los Libertadores, cautivando al p\u00fablico con su tradicional danza, vestimenta de pluma y la historia del carnaval tlaxcalteca.<\/p>\n\n\n\n<p>Adem\u00e1s, el programa cultural que llev\u00f3 Tlaxcala a tierras colombianas incluy\u00f3 la participaci\u00f3n de colectivos y artesanos como: Meztli Ameyalli, con el taller de bordado tradicional n\u00e1huatl, Pueblo Ancestral tours de Ixtenco, con venta de artesan\u00eda y taller de hoja de ma\u00edz, Mole Ayohui, con una degustaci\u00f3n y taller de preparaci\u00f3n de mole, Comarsani, productor de pulque enlatado. As\u00ed como Uriel Reyes, mascarero de carnaval, Isaac Salazar Cris\u00f3stomo, maestro alfombrista de Huamantla.<\/p>\n\n\n\n<p>La expo venta incluy\u00f3 productos tradicionales como talavera de San Pablo del Monte (La Corona), joyer\u00eda de semillas (Yaniz), amaranto (Conalteo), textiles de Contla (Mu\u00f1oz de Juan Cuamatzi), as\u00ed como degustaciones de gusanos de maguey y destilados de agave pulquero.<\/p>\n\n\n\n<p>La presencia de Tlaxcala en este evento internacional promovi\u00f3 la riqueza cultural del estado y reafirm\u00f3 su compromiso con la cooperaci\u00f3n y el bienestar social m\u00e1s all\u00e1 de sus fronteras.<\/p>\n\n\n\n<p>La participaci\u00f3n del estado en Colombia fue posible gracias a la invitaci\u00f3n de la presidenta honor\u00edfica del Comit\u00e9 Consultivo de Bienestar, Fernanda Espinosa de los Monteros Cu\u00e9llar; y de la titular de la Secretar\u00eda de Bienestar, Mar\u00eda Estela \u00c1lvarez Corona, quienes integraron la comitiva tlaxcalteca junto con el secretario de turismo, Fabricio Mena Rodr\u00edguez; y de la secretaria de Cultura, Karen Villeda.<\/p>\n","protected":false},"excerpt":{"rendered":"<p>*El estado particip\u00f3 como invitado especial en la edici\u00f3n 44 de la Semana Bolivariana y de los pa\u00edses hermanos, celebrada en Duitama Tlaxcala represent\u00f3 a M\u00e9xico como estado invitado en la edici\u00f3n 44 de la Semana Bolivariana y de los pa\u00edses hermanos, celebrada en Duitama, departamento de Boyac\u00e1, Colombia. La presencia tlaxcalteca combin\u00f3 una muestra [&hellip;]<\/p>\n","protected":false},"author":4,"featured_media":97750,"comment_status":"open","ping_status":"open","sticky":false,"template":"","format":"standard","meta":{"om_disable_all_campaigns":false,"_monsterinsights_skip_tracking":false,"_monsterinsights_sitenote_active":false,"_monsterinsights_sitenote_note":"","_monsterinsights_sitenote_category":0,"jnews-multi-image_gallery":[],"jnews_single_post":{"format":"standard"},"jnews_primary_category":[],"footnotes":""},"categories":[1],"tags":[],"class_list":["post-97749","post","type-post","status-publish","format-standard","has-post-thumbnail","hentry","category-uncategorized"],"aioseo_notices":[],"_links":{"self":[{"href":"https:\/\/estado29.mx\/index.php?rest_route=\/wp\/v2\/posts\/97749","targetHints":{"allow":["GET"]}}],"collection":[{"href":"https:\/\/estado29.mx\/index.php?rest_route=\/wp\/v2\/posts"}],"about":[{"href":"https:\/\/estado29.mx\/index.php?rest_route=\/wp\/v2\/types\/post"}],"author":[{"embeddable":true,"href":"https:\/\/estado29.mx\/index.php?rest_route=\/wp\/v2\/users\/4"}],"replies":[{"embeddable":true,"href":"https:\/\/estado29.mx\/index.php?rest_route=%2Fwp%2Fv2%2Fcomments&post=97749"}],"version-history":[{"count":1,"href":"https:\/\/estado29.mx\/index.php?rest_route=\/wp\/v2\/posts\/97749\/revisions"}],"predecessor-version":[{"id":97751,"href":"https:\/\/estado29.mx\/index.php?rest_route=\/wp\/v2\/posts\/97749\/revisions\/97751"}],"wp:featuredmedia":[{"embeddable":true,"href":"https:\/\/estado29.mx\/index.php?rest_route=\/wp\/v2\/media\/97750"}],"wp:attachment":[{"href":"https:\/\/estado29.mx\/index.php?rest_route=%2Fwp%2Fv2%2Fmedia&parent=97749"}],"wp:term":[{"taxonomy":"category","embeddable":true,"href":"https:\/\/estado29.mx\/index.php?rest_route=%2Fwp%2Fv2%2Fcategories&post=97749"},{"taxonomy":"post_tag","embeddable":true,"href":"https:\/\/estado29.mx\/index.php?rest_route=%2Fwp%2Fv2%2Ftags&post=97749"}],"curies":[{"name":"wp","href":"https:\/\/api.w.org\/{rel}","templated":true}]}}