{"id":97763,"date":"2025-07-29T23:48:37","date_gmt":"2025-07-29T23:48:37","guid":{"rendered":"https:\/\/estado29.mx\/?p=97763"},"modified":"2025-08-01T01:49:00","modified_gmt":"2025-08-01T01:49:00","slug":"huamantla-prepara-ceremonia-de-incineracion-de-banderas","status":"publish","type":"post","link":"https:\/\/estado29.mx\/?p=97763","title":{"rendered":"Huamantla prepara Ceremonia de Incineraci\u00f3n de Banderas"},"content":{"rendered":"<figure class=\"wp-block-post-featured-image\"><img loading=\"lazy\" decoding=\"async\" width=\"2048\" height=\"2560\" src=\"https:\/\/estado29.mx\/wp-content\/uploads\/2025\/07\/WhatsApp-Image-2025-07-26-at-1.37.10-PM-scaled.jpeg\" class=\"attachment-post-thumbnail size-post-thumbnail wp-post-image\" alt=\"\" style=\"object-fit:cover;\" srcset=\"https:\/\/estado29.mx\/wp-content\/uploads\/2025\/07\/WhatsApp-Image-2025-07-26-at-1.37.10-PM-scaled.jpeg 2048w, https:\/\/estado29.mx\/wp-content\/uploads\/2025\/07\/WhatsApp-Image-2025-07-26-at-1.37.10-PM-240x300.jpeg 240w, https:\/\/estado29.mx\/wp-content\/uploads\/2025\/07\/WhatsApp-Image-2025-07-26-at-1.37.10-PM-819x1024.jpeg 819w, https:\/\/estado29.mx\/wp-content\/uploads\/2025\/07\/WhatsApp-Image-2025-07-26-at-1.37.10-PM-768x960.jpeg 768w, https:\/\/estado29.mx\/wp-content\/uploads\/2025\/07\/WhatsApp-Image-2025-07-26-at-1.37.10-PM-1229x1536.jpeg 1229w, https:\/\/estado29.mx\/wp-content\/uploads\/2025\/07\/WhatsApp-Image-2025-07-26-at-1.37.10-PM-1638x2048.jpeg 1638w, https:\/\/estado29.mx\/wp-content\/uploads\/2025\/07\/WhatsApp-Image-2025-07-26-at-1.37.10-PM-750x938.jpeg 750w, https:\/\/estado29.mx\/wp-content\/uploads\/2025\/07\/WhatsApp-Image-2025-07-26-at-1.37.10-PM-1140x1425.jpeg 1140w\" sizes=\"auto, (max-width: 2048px) 100vw, 2048px\" \/><\/figure>\n\n\n<p>El Ayuntamiento de Huamantla convoca a instituciones, organismos y ciudadan\u00eda en general a participar en la Ceremonia de Incineraci\u00f3n de Banderas, un acto solemne y patri\u00f3tico que simboliza el respeto, la renovaci\u00f3n y la continuidad de los valores nacionales.<\/p>\n\n\n\n<p>Este evento se realizar\u00e1 el pr\u00f3ximo 5 de septiembre a las 10:00 horas, en la explanada de la Presidencia Municipal de Huamantla, en cumplimiento de lo dispuesto por la Ley Sobre el Escudo, la Bandera y el Himno Nacionales, en su Cap\u00edtulo Sexto, Art\u00edculo 54 Bis.<\/p>\n\n\n\n<p>La convocatoria est\u00e1 dirigida a presidencias de comunidad, instituciones educativas, clubes de servicio, organismos p\u00fablicos y privados, as\u00ed como a personas que cuenten con alguna r\u00e9plica de la Bandera Nacional Mexicana deteriorada o en desuso.<\/p>\n\n\n\n<p>Los interesados en participar deber\u00e1n realizar una solicitud por escrito dirigida al Presidente Municipal, Juan Salvador Santos Cedillo, especificando el nombre de la instituci\u00f3n o persona interesada, el n\u00famero de banderas a incinerar, sus medidas y, de ser posible, el tiempo que estuvieron en servicio. As\u00ed mismo deber\u00e1n adjuntar cinco fotograf\u00edas del deterioro que presenten las banderas.<\/p>\n\n\n\n<p>La documentaci\u00f3n deber\u00e1 entregarse en la oficina de la Cr\u00f3nica de la Ciudad, ubicada en calle Allende Norte No. 208, interior del Museo Taurino de Huamantla, en un horario de lunes a viernes de 08:00 a 15:30 horas. La fecha l\u00edmite de recepci\u00f3n es el 05 de agosto de 2025.<\/p>\n\n\n\n<p>Este acto c\u00edvico, regulado por la ley, representa un homenaje solemne de despedida a los s\u00edmbolos patrios en desuso.<\/p>\n","protected":false},"excerpt":{"rendered":"<p>El Ayuntamiento de Huamantla convoca a instituciones, organismos y ciudadan\u00eda en general a participar en la Ceremonia de Incineraci\u00f3n de Banderas, un acto solemne y patri\u00f3tico que simboliza el respeto, la renovaci\u00f3n y la continuidad de los valores nacionales. Este evento se realizar\u00e1 el pr\u00f3ximo 5 de septiembre a las 10:00 horas, en la explanada [&hellip;]<\/p>\n","protected":false},"author":9,"featured_media":97764,"comment_status":"open","ping_status":"open","sticky":false,"template":"","format":"standard","meta":{"om_disable_all_campaigns":false,"_monsterinsights_skip_tracking":false,"_monsterinsights_sitenote_active":false,"_monsterinsights_sitenote_note":"","_monsterinsights_sitenote_category":0,"jnews-multi-image_gallery":[],"jnews_single_post":{"format":"standard"},"jnews_primary_category":[],"footnotes":""},"categories":[1],"tags":[],"class_list":["post-97763","post","type-post","status-publish","format-standard","has-post-thumbnail","hentry","category-uncategorized"],"aioseo_notices":[],"_links":{"self":[{"href":"https:\/\/estado29.mx\/index.php?rest_route=\/wp\/v2\/posts\/97763","targetHints":{"allow":["GET"]}}],"collection":[{"href":"https:\/\/estado29.mx\/index.php?rest_route=\/wp\/v2\/posts"}],"about":[{"href":"https:\/\/estado29.mx\/index.php?rest_route=\/wp\/v2\/types\/post"}],"author":[{"embeddable":true,"href":"https:\/\/estado29.mx\/index.php?rest_route=\/wp\/v2\/users\/9"}],"replies":[{"embeddable":true,"href":"https:\/\/estado29.mx\/index.php?rest_route=%2Fwp%2Fv2%2Fcomments&post=97763"}],"version-history":[{"count":1,"href":"https:\/\/estado29.mx\/index.php?rest_route=\/wp\/v2\/posts\/97763\/revisions"}],"predecessor-version":[{"id":97765,"href":"https:\/\/estado29.mx\/index.php?rest_route=\/wp\/v2\/posts\/97763\/revisions\/97765"}],"wp:featuredmedia":[{"embeddable":true,"href":"https:\/\/estado29.mx\/index.php?rest_route=\/wp\/v2\/media\/97764"}],"wp:attachment":[{"href":"https:\/\/estado29.mx\/index.php?rest_route=%2Fwp%2Fv2%2Fmedia&parent=97763"}],"wp:term":[{"taxonomy":"category","embeddable":true,"href":"https:\/\/estado29.mx\/index.php?rest_route=%2Fwp%2Fv2%2Fcategories&post=97763"},{"taxonomy":"post_tag","embeddable":true,"href":"https:\/\/estado29.mx\/index.php?rest_route=%2Fwp%2Fv2%2Ftags&post=97763"}],"curies":[{"name":"wp","href":"https:\/\/api.w.org\/{rel}","templated":true}]}}