{"id":97766,"date":"2025-07-29T23:49:22","date_gmt":"2025-07-29T23:49:22","guid":{"rendered":"https:\/\/estado29.mx\/?p=97766"},"modified":"2025-08-01T01:48:56","modified_gmt":"2025-08-01T01:48:56","slug":"gobierno-municipal-invita-a-participar-en-la-guerra-mexa-de-la-feria-huamantla-2025","status":"publish","type":"post","link":"https:\/\/estado29.mx\/?p=97766","title":{"rendered":"Gobierno Municipal invita a participar en la Guerra Mexa de la Feria Huamantla 2025"},"content":{"rendered":"<figure class=\"wp-block-post-featured-image\"><img loading=\"lazy\" decoding=\"async\" width=\"1080\" height=\"1350\" src=\"https:\/\/estado29.mx\/wp-content\/uploads\/2025\/07\/WhatsApp-Image-2025-07-26-at-1.37.43-PM.jpeg\" class=\"attachment-post-thumbnail size-post-thumbnail wp-post-image\" alt=\"\" style=\"object-fit:cover;\" srcset=\"https:\/\/estado29.mx\/wp-content\/uploads\/2025\/07\/WhatsApp-Image-2025-07-26-at-1.37.43-PM.jpeg 1080w, https:\/\/estado29.mx\/wp-content\/uploads\/2025\/07\/WhatsApp-Image-2025-07-26-at-1.37.43-PM-240x300.jpeg 240w, https:\/\/estado29.mx\/wp-content\/uploads\/2025\/07\/WhatsApp-Image-2025-07-26-at-1.37.43-PM-819x1024.jpeg 819w, https:\/\/estado29.mx\/wp-content\/uploads\/2025\/07\/WhatsApp-Image-2025-07-26-at-1.37.43-PM-768x960.jpeg 768w, https:\/\/estado29.mx\/wp-content\/uploads\/2025\/07\/WhatsApp-Image-2025-07-26-at-1.37.43-PM-750x938.jpeg 750w\" sizes=\"auto, (max-width: 1080px) 100vw, 1080px\" \/><\/figure>\n\n\n<p>En el marco de la Feria Internacional del Arte Ef\u00edmero y la Dalia, el Ayuntamiento de Huamantla, a trav\u00e9s de la Coordinaci\u00f3n de Juventud, convoca a agrupaciones musicales a participar en el emocionante concurso Guerra Mexa, \u00a1ahora con dos categor\u00edas!<\/p>\n\n\n\n<p>La competencia se dividir\u00e1 en Mariachis y Bandas de Viento, con una premiaci\u00f3n individual por categor\u00eda, reconociendo el talento, la pasi\u00f3n y la identidad de cada estilo musical.<\/p>\n\n\n\n<p>\ud83c\udfba Categor\u00eda Mariachis<br>\ud83e\udd47 1er lugar: $35,000<br>\ud83e\udd48 2do lugar: $25,000<br>\ud83e\udd49 3er lugar: $15,000<\/p>\n\n\n\n<p>\ud83c\udfb7 Categor\u00eda Bandas de Viento<br>\ud83e\udd47 1er lugar: $35,000<br>\ud83e\udd48 2do lugar: $25,000<br>\ud83e\udd49 3er lugar: $15,000<\/p>\n\n\n\n<p>El concurso se llevar\u00e1 a cabo el pr\u00f3ximo 22 de agosto, durante el tradicional Desfile de Huamantlada.<\/p>\n\n\n\n<p>El registro se podr\u00e1 realizar a trav\u00e9s de la Coordinaci\u00f3n de Juventud en las oficinas ubicadas en Boulevard Cuamanco esquina con Reforma S\/N.<\/p>\n\n\n\n<p>Las agrupaciones inscritas formar\u00e1n parte del contingente del desfile, compartiendo su m\u00fasica con miles de asistentes en uno de los eventos m\u00e1s representativos de la feria.<\/p>\n","protected":false},"excerpt":{"rendered":"<p>En el marco de la Feria Internacional del Arte Ef\u00edmero y la Dalia, el Ayuntamiento de Huamantla, a trav\u00e9s de la Coordinaci\u00f3n de Juventud, convoca a agrupaciones musicales a participar en el emocionante concurso Guerra Mexa, \u00a1ahora con dos categor\u00edas! La competencia se dividir\u00e1 en Mariachis y Bandas de Viento, con una premiaci\u00f3n individual por [&hellip;]<\/p>\n","protected":false},"author":9,"featured_media":97767,"comment_status":"open","ping_status":"open","sticky":false,"template":"","format":"standard","meta":{"om_disable_all_campaigns":false,"_monsterinsights_skip_tracking":false,"_monsterinsights_sitenote_active":false,"_monsterinsights_sitenote_note":"","_monsterinsights_sitenote_category":0,"jnews-multi-image_gallery":[],"jnews_single_post":{"format":"standard"},"jnews_primary_category":[],"footnotes":""},"categories":[1],"tags":[],"class_list":["post-97766","post","type-post","status-publish","format-standard","has-post-thumbnail","hentry","category-uncategorized"],"aioseo_notices":[],"_links":{"self":[{"href":"https:\/\/estado29.mx\/index.php?rest_route=\/wp\/v2\/posts\/97766","targetHints":{"allow":["GET"]}}],"collection":[{"href":"https:\/\/estado29.mx\/index.php?rest_route=\/wp\/v2\/posts"}],"about":[{"href":"https:\/\/estado29.mx\/index.php?rest_route=\/wp\/v2\/types\/post"}],"author":[{"embeddable":true,"href":"https:\/\/estado29.mx\/index.php?rest_route=\/wp\/v2\/users\/9"}],"replies":[{"embeddable":true,"href":"https:\/\/estado29.mx\/index.php?rest_route=%2Fwp%2Fv2%2Fcomments&post=97766"}],"version-history":[{"count":1,"href":"https:\/\/estado29.mx\/index.php?rest_route=\/wp\/v2\/posts\/97766\/revisions"}],"predecessor-version":[{"id":97768,"href":"https:\/\/estado29.mx\/index.php?rest_route=\/wp\/v2\/posts\/97766\/revisions\/97768"}],"wp:featuredmedia":[{"embeddable":true,"href":"https:\/\/estado29.mx\/index.php?rest_route=\/wp\/v2\/media\/97767"}],"wp:attachment":[{"href":"https:\/\/estado29.mx\/index.php?rest_route=%2Fwp%2Fv2%2Fmedia&parent=97766"}],"wp:term":[{"taxonomy":"category","embeddable":true,"href":"https:\/\/estado29.mx\/index.php?rest_route=%2Fwp%2Fv2%2Fcategories&post=97766"},{"taxonomy":"post_tag","embeddable":true,"href":"https:\/\/estado29.mx\/index.php?rest_route=%2Fwp%2Fv2%2Ftags&post=97766"}],"curies":[{"name":"wp","href":"https:\/\/api.w.org\/{rel}","templated":true}]}}