{"id":97772,"date":"2025-07-29T23:52:24","date_gmt":"2025-07-29T23:52:24","guid":{"rendered":"https:\/\/estado29.mx\/?p=97772"},"modified":"2025-08-01T01:53:44","modified_gmt":"2025-08-01T01:53:44","slug":"ya-esta-disponible-el-programa-oficial-en-formato-digital-de-la-feria-internacional-del-arte-efimero-y-la-dalia-huamantla-2025","status":"publish","type":"post","link":"https:\/\/estado29.mx\/?p=97772","title":{"rendered":"Ya est\u00e1 disponible el programa oficial en formato digital de la Feria Internacional del Arte Ef\u00edmero y la Dalia Huamantla 2025"},"content":{"rendered":"<figure class=\"wp-block-post-featured-image\"><img loading=\"lazy\" decoding=\"async\" width=\"588\" height=\"768\" src=\"https:\/\/estado29.mx\/wp-content\/uploads\/2025\/07\/WhatsApp-Image-2025-07-29-at-5.52.03-PM.jpeg\" class=\"attachment-post-thumbnail size-post-thumbnail wp-post-image\" alt=\"\" style=\"object-fit:cover;\" srcset=\"https:\/\/estado29.mx\/wp-content\/uploads\/2025\/07\/WhatsApp-Image-2025-07-29-at-5.52.03-PM.jpeg 588w, https:\/\/estado29.mx\/wp-content\/uploads\/2025\/07\/WhatsApp-Image-2025-07-29-at-5.52.03-PM-230x300.jpeg 230w\" sizes=\"auto, (max-width: 588px) 100vw, 588px\" \/><\/figure>\n\n\n<p>Huamantla, Tlaxcala \u2014 La magia, el color y la tradici\u00f3n se hacen presentes una vez m\u00e1s. Ya puedes consultar el programa oficial en formato digital de la Feria Internacional del Arte Ef\u00edmero y la Dalia Huamantla 2025, una de las celebraciones m\u00e1s esperadas del a\u00f1o que rinde homenaje a nuestra identidad, a nuestras ra\u00edces y al talento de nuestra gente.<\/p>\n\n\n\n<p>Esta edici\u00f3n contempla una amplia variedad de actividades culturales, art\u00edsticas, religiosas y de entretenimiento, que enaltecen la historia de nuestro pueblo y fortalecen el orgullo de ser huamantlecos.<\/p>\n\n\n\n<p>La invitaci\u00f3n est\u00e1 abierta para todas y todos a ser parte de esta gran fiesta, en la que juntos celebramos lo que somos.<\/p>\n\n\n\n<p>Consulta el programa completo en: \ud83d\udc49 https:\/\/laferiadehuamantla.com<\/p>\n\n\n\n<p>\u00a1Les esperamos para compartir con alegr\u00eda y en armon\u00eda esta gran tradici\u00f3n!<\/p>\n","protected":false},"excerpt":{"rendered":"<p>Huamantla, Tlaxcala \u2014 La magia, el color y la tradici\u00f3n se hacen presentes una vez m\u00e1s. Ya puedes consultar el programa oficial en formato digital de la Feria Internacional del Arte Ef\u00edmero y la Dalia Huamantla 2025, una de las celebraciones m\u00e1s esperadas del a\u00f1o que rinde homenaje a nuestra identidad, a nuestras ra\u00edces y [&hellip;]<\/p>\n","protected":false},"author":9,"featured_media":97773,"comment_status":"open","ping_status":"open","sticky":false,"template":"","format":"standard","meta":{"om_disable_all_campaigns":false,"_monsterinsights_skip_tracking":false,"_monsterinsights_sitenote_active":false,"_monsterinsights_sitenote_note":"","_monsterinsights_sitenote_category":0,"jnews-multi-image_gallery":[],"jnews_single_post":{"format":"standard"},"jnews_primary_category":[],"footnotes":""},"categories":[1],"tags":[],"class_list":["post-97772","post","type-post","status-publish","format-standard","has-post-thumbnail","hentry","category-uncategorized"],"aioseo_notices":[],"_links":{"self":[{"href":"https:\/\/estado29.mx\/index.php?rest_route=\/wp\/v2\/posts\/97772","targetHints":{"allow":["GET"]}}],"collection":[{"href":"https:\/\/estado29.mx\/index.php?rest_route=\/wp\/v2\/posts"}],"about":[{"href":"https:\/\/estado29.mx\/index.php?rest_route=\/wp\/v2\/types\/post"}],"author":[{"embeddable":true,"href":"https:\/\/estado29.mx\/index.php?rest_route=\/wp\/v2\/users\/9"}],"replies":[{"embeddable":true,"href":"https:\/\/estado29.mx\/index.php?rest_route=%2Fwp%2Fv2%2Fcomments&post=97772"}],"version-history":[{"count":1,"href":"https:\/\/estado29.mx\/index.php?rest_route=\/wp\/v2\/posts\/97772\/revisions"}],"predecessor-version":[{"id":97774,"href":"https:\/\/estado29.mx\/index.php?rest_route=\/wp\/v2\/posts\/97772\/revisions\/97774"}],"wp:featuredmedia":[{"embeddable":true,"href":"https:\/\/estado29.mx\/index.php?rest_route=\/wp\/v2\/media\/97773"}],"wp:attachment":[{"href":"https:\/\/estado29.mx\/index.php?rest_route=%2Fwp%2Fv2%2Fmedia&parent=97772"}],"wp:term":[{"taxonomy":"category","embeddable":true,"href":"https:\/\/estado29.mx\/index.php?rest_route=%2Fwp%2Fv2%2Fcategories&post=97772"},{"taxonomy":"post_tag","embeddable":true,"href":"https:\/\/estado29.mx\/index.php?rest_route=%2Fwp%2Fv2%2Ftags&post=97772"}],"curies":[{"name":"wp","href":"https:\/\/api.w.org\/{rel}","templated":true}]}}