{"id":97778,"date":"2025-07-30T00:03:33","date_gmt":"2025-07-30T00:03:33","guid":{"rendered":"https:\/\/estado29.mx\/?p=97778"},"modified":"2025-08-01T01:53:32","modified_gmt":"2025-08-01T01:53:32","slug":"atiende-seguridad-publica-rina-en-la-comunidad-de-benito-juarez","status":"publish","type":"post","link":"https:\/\/estado29.mx\/?p=97778","title":{"rendered":"Atiende Seguridad P\u00fablica ri\u00f1a en la comunidad de Benito Ju\u00e1rez"},"content":{"rendered":"<figure class=\"wp-block-post-featured-image\"><img loading=\"lazy\" decoding=\"async\" width=\"1600\" height=\"1200\" src=\"https:\/\/estado29.mx\/wp-content\/uploads\/2025\/07\/WhatsApp-Image-2025-07-28-at-4.19.29-PM.jpeg\" class=\"attachment-post-thumbnail size-post-thumbnail wp-post-image\" alt=\"\" style=\"object-fit:cover;\" srcset=\"https:\/\/estado29.mx\/wp-content\/uploads\/2025\/07\/WhatsApp-Image-2025-07-28-at-4.19.29-PM.jpeg 1600w, https:\/\/estado29.mx\/wp-content\/uploads\/2025\/07\/WhatsApp-Image-2025-07-28-at-4.19.29-PM-300x225.jpeg 300w, https:\/\/estado29.mx\/wp-content\/uploads\/2025\/07\/WhatsApp-Image-2025-07-28-at-4.19.29-PM-1024x768.jpeg 1024w, https:\/\/estado29.mx\/wp-content\/uploads\/2025\/07\/WhatsApp-Image-2025-07-28-at-4.19.29-PM-768x576.jpeg 768w, https:\/\/estado29.mx\/wp-content\/uploads\/2025\/07\/WhatsApp-Image-2025-07-28-at-4.19.29-PM-1536x1152.jpeg 1536w, https:\/\/estado29.mx\/wp-content\/uploads\/2025\/07\/WhatsApp-Image-2025-07-28-at-4.19.29-PM-750x563.jpeg 750w, https:\/\/estado29.mx\/wp-content\/uploads\/2025\/07\/WhatsApp-Image-2025-07-28-at-4.19.29-PM-1140x855.jpeg 1140w\" sizes=\"auto, (max-width: 1600px) 100vw, 1600px\" \/><\/figure>\n\n\n<p>La Direcci\u00f3n de Seguridad P\u00fablica, Tr\u00e1nsito y Protecci\u00f3n Civil de Huamantla informa que este domingo alrededor de las 19:55 horas se atendi\u00f3 un reporte por ri\u00f1a en la calle Amado Nervo, en la comunidad de Benito Ju\u00e1rez, como referencia cerca de la zona conocida como \u201cLos Palmeros\u201d.<\/p>\n\n\n\n<p>Al arribar al lugar, ya se encontraba una unidad brindando apoyo. Se detect\u00f3 la presencia de aproximadamente 50 personas, quienes informaron sobre una ri\u00f1a entre habitantes del lugar y un grupo de masculinos provenientes de la calle Ju\u00e1rez.<\/p>\n\n\n\n<p>Se report\u00f3 a una persona lesionada con una contusi\u00f3n en la cabeza, por lo que se solicit\u00f3 el apoyo de Protecci\u00f3n Civil, quienes brindaron atenci\u00f3n m\u00e9dica inmediata. El masculino fue estabilizado en el sitio y no requiri\u00f3 traslado hospitalario.<\/p>\n\n\n\n<p>Los involucrados se retiraron del lugar por cuenta propia, y posteriormente arrib\u00f3 personal de la Polic\u00eda Estatal para continuar con el seguimiento correspondiente.<\/p>\n\n\n\n<p>El Ayuntamiento de Huamantla reitera su compromiso con la seguridad y el orden p\u00fablico en cada comunidad del municipio.<\/p>\n","protected":false},"excerpt":{"rendered":"<p>La Direcci\u00f3n de Seguridad P\u00fablica, Tr\u00e1nsito y Protecci\u00f3n Civil de Huamantla informa que este domingo alrededor de las 19:55 horas se atendi\u00f3 un reporte por ri\u00f1a en la calle Amado Nervo, en la comunidad de Benito Ju\u00e1rez, como referencia cerca de la zona conocida como \u201cLos Palmeros\u201d. Al arribar al lugar, ya se encontraba una [&hellip;]<\/p>\n","protected":false},"author":9,"featured_media":97779,"comment_status":"open","ping_status":"open","sticky":false,"template":"","format":"standard","meta":{"om_disable_all_campaigns":false,"_monsterinsights_skip_tracking":false,"_monsterinsights_sitenote_active":false,"_monsterinsights_sitenote_note":"","_monsterinsights_sitenote_category":0,"jnews-multi-image_gallery":[],"jnews_single_post":{"format":"standard"},"jnews_primary_category":[],"footnotes":""},"categories":[1],"tags":[],"class_list":["post-97778","post","type-post","status-publish","format-standard","has-post-thumbnail","hentry","category-uncategorized"],"aioseo_notices":[],"_links":{"self":[{"href":"https:\/\/estado29.mx\/index.php?rest_route=\/wp\/v2\/posts\/97778","targetHints":{"allow":["GET"]}}],"collection":[{"href":"https:\/\/estado29.mx\/index.php?rest_route=\/wp\/v2\/posts"}],"about":[{"href":"https:\/\/estado29.mx\/index.php?rest_route=\/wp\/v2\/types\/post"}],"author":[{"embeddable":true,"href":"https:\/\/estado29.mx\/index.php?rest_route=\/wp\/v2\/users\/9"}],"replies":[{"embeddable":true,"href":"https:\/\/estado29.mx\/index.php?rest_route=%2Fwp%2Fv2%2Fcomments&post=97778"}],"version-history":[{"count":1,"href":"https:\/\/estado29.mx\/index.php?rest_route=\/wp\/v2\/posts\/97778\/revisions"}],"predecessor-version":[{"id":97780,"href":"https:\/\/estado29.mx\/index.php?rest_route=\/wp\/v2\/posts\/97778\/revisions\/97780"}],"wp:featuredmedia":[{"embeddable":true,"href":"https:\/\/estado29.mx\/index.php?rest_route=\/wp\/v2\/media\/97779"}],"wp:attachment":[{"href":"https:\/\/estado29.mx\/index.php?rest_route=%2Fwp%2Fv2%2Fmedia&parent=97778"}],"wp:term":[{"taxonomy":"category","embeddable":true,"href":"https:\/\/estado29.mx\/index.php?rest_route=%2Fwp%2Fv2%2Fcategories&post=97778"},{"taxonomy":"post_tag","embeddable":true,"href":"https:\/\/estado29.mx\/index.php?rest_route=%2Fwp%2Fv2%2Ftags&post=97778"}],"curies":[{"name":"wp","href":"https:\/\/api.w.org\/{rel}","templated":true}]}}