{"id":97793,"date":"2025-07-30T13:49:56","date_gmt":"2025-07-30T13:49:56","guid":{"rendered":"https:\/\/estado29.mx\/?p=97793"},"modified":"2025-08-01T01:53:01","modified_gmt":"2025-08-01T01:53:01","slug":"coespo-e-icatlax-capacitaran-a-servidores-publicos-que-atienden-a-ninas-ninos-y-adolescentes","status":"publish","type":"post","link":"https:\/\/estado29.mx\/?p=97793","title":{"rendered":"COESPO e ICATLAX capacitar\u00e1n a servidores p\u00fablicos que atienden a ni\u00f1as, ni\u00f1os y adolescentes"},"content":{"rendered":"\n<p><\/p>\n\n\n\n<p>*A trav\u00e9s de un convenio de colaboraci\u00f3n se acercar\u00e1n cursos, talleres y certificaciones en temas como derechos humanos, perspectiva de g\u00e9nero, prevenci\u00f3n de violencia, contenci\u00f3n emocional y estrategias de intervenci\u00f3n comunitaria<\/p>\n\n\n\n<p>El Consejo Estatal de Poblaci\u00f3n (Coespo) y el Sistema de Protecci\u00f3n Integral de Ni\u00f1as, Ni\u00f1os y Adolescentes (Sipinna Tlaxcala), en coordinaci\u00f3n con el Instituto de Capacitaci\u00f3n para el Trabajo (Icatlax), impulsar\u00e1n una estrategia conjunta para capacitar a servidores p\u00fablicos que atienden directamente a este sector de la poblaci\u00f3n.<\/p>\n\n\n\n<p>Las dependencias estatales firmaron un convenio de colaboraci\u00f3n que acercar\u00e1 programas especializados que promuevan la atenci\u00f3n profesional, emp\u00e1tica y alineada con los derechos de la ni\u00f1ez.<\/p>\n\n\n\n<p>A trav\u00e9s de esta alianza, el personal de Coespo y Sipinna podr\u00e1 acceder a cursos, talleres y certificaciones en temas como derechos humanos, perspectiva de g\u00e9nero, prevenci\u00f3n de violencia, contenci\u00f3n emocional y estrategias de intervenci\u00f3n comunitaria.<\/p>\n\n\n\n<p>La directora de Coespo-Sipinna Tlaxcala, Bel\u00e9n Vega Ahuatzi se\u00f1al\u00f3 que este convenio representa un paso decisivo para garantizar que quienes tienen contacto directo con la ni\u00f1ez y adolescencia cuenten con las herramientas necesarias para brindar una atenci\u00f3n oportuna, respetuosa y efectiva.<\/p>\n\n\n\n<p>Vega Ahuatzi detall\u00f3 que la colaboraci\u00f3n con Icatlax responde al compromiso del Gobierno del Estado de profesionalizar los servicios p\u00fablicos y construir entornos m\u00e1s seguros, protectores y dignos para ni\u00f1as, ni\u00f1os y adolescentes, especialmente en contextos de vulnerabilidad.<\/p>\n\n\n\n<p>Con esta iniciativa, Tlaxcala reafirma su compromiso con la implementaci\u00f3n de pol\u00edticas p\u00fablicas que colocan a la infancia y adolescencia en el centro de la agenda estatal, avanzando hacia una cultura institucional basada en el respeto, la protecci\u00f3n y el ejercicio pleno de sus derechos.<\/p>\n","protected":false},"excerpt":{"rendered":"<p>*A trav\u00e9s de un convenio de colaboraci\u00f3n se acercar\u00e1n cursos, talleres y certificaciones en temas como derechos humanos, perspectiva de g\u00e9nero, prevenci\u00f3n de violencia, contenci\u00f3n emocional y estrategias de intervenci\u00f3n comunitaria El Consejo Estatal de Poblaci\u00f3n (Coespo) y el Sistema de Protecci\u00f3n Integral de Ni\u00f1as, Ni\u00f1os y Adolescentes (Sipinna Tlaxcala), en coordinaci\u00f3n con el Instituto [&hellip;]<\/p>\n","protected":false},"author":4,"featured_media":97794,"comment_status":"open","ping_status":"open","sticky":false,"template":"","format":"standard","meta":{"om_disable_all_campaigns":false,"_monsterinsights_skip_tracking":false,"_monsterinsights_sitenote_active":false,"_monsterinsights_sitenote_note":"","_monsterinsights_sitenote_category":0,"jnews-multi-image_gallery":[],"jnews_single_post":{"format":"standard"},"jnews_primary_category":[],"footnotes":""},"categories":[1],"tags":[],"class_list":["post-97793","post","type-post","status-publish","format-standard","has-post-thumbnail","hentry","category-uncategorized"],"aioseo_notices":[],"_links":{"self":[{"href":"https:\/\/estado29.mx\/index.php?rest_route=\/wp\/v2\/posts\/97793","targetHints":{"allow":["GET"]}}],"collection":[{"href":"https:\/\/estado29.mx\/index.php?rest_route=\/wp\/v2\/posts"}],"about":[{"href":"https:\/\/estado29.mx\/index.php?rest_route=\/wp\/v2\/types\/post"}],"author":[{"embeddable":true,"href":"https:\/\/estado29.mx\/index.php?rest_route=\/wp\/v2\/users\/4"}],"replies":[{"embeddable":true,"href":"https:\/\/estado29.mx\/index.php?rest_route=%2Fwp%2Fv2%2Fcomments&post=97793"}],"version-history":[{"count":1,"href":"https:\/\/estado29.mx\/index.php?rest_route=\/wp\/v2\/posts\/97793\/revisions"}],"predecessor-version":[{"id":97795,"href":"https:\/\/estado29.mx\/index.php?rest_route=\/wp\/v2\/posts\/97793\/revisions\/97795"}],"wp:featuredmedia":[{"embeddable":true,"href":"https:\/\/estado29.mx\/index.php?rest_route=\/wp\/v2\/media\/97794"}],"wp:attachment":[{"href":"https:\/\/estado29.mx\/index.php?rest_route=%2Fwp%2Fv2%2Fmedia&parent=97793"}],"wp:term":[{"taxonomy":"category","embeddable":true,"href":"https:\/\/estado29.mx\/index.php?rest_route=%2Fwp%2Fv2%2Fcategories&post=97793"},{"taxonomy":"post_tag","embeddable":true,"href":"https:\/\/estado29.mx\/index.php?rest_route=%2Fwp%2Fv2%2Ftags&post=97793"}],"curies":[{"name":"wp","href":"https:\/\/api.w.org\/{rel}","templated":true}]}}