{"id":97805,"date":"2025-07-30T14:08:35","date_gmt":"2025-07-30T14:08:35","guid":{"rendered":"https:\/\/estado29.mx\/?p=97805"},"modified":"2025-08-01T01:52:39","modified_gmt":"2025-08-01T01:52:39","slug":"participa-tlaxcala-en-el-programa-de-turismo-social-colibri-viajero","status":"publish","type":"post","link":"https:\/\/estado29.mx\/?p=97805","title":{"rendered":"Participa Tlaxcala en el programa de turismo social \u201ccolibr\u00ed viajero\u201d"},"content":{"rendered":"\n<p><\/p>\n\n\n\n<p>\u2022A trav\u00e9s de una alianza con la CDMX, se promueven visitas de adultos mayores y personas en situaci\u00f3n de vulnerabilidad entre ambas entidades<\/p>\n\n\n\n<p>Como resultado de la Alianza Metropolitana de Turismo Social integrada por los estados del Centro del pa\u00eds, se impulsa el programa estrat\u00e9gico \u201cColibr\u00ed Viajero\u201d, a trav\u00e9s del cual 40 adultos mayores de cinco municipios de Tlaxcala viajaron a la Ciudad de M\u00e9xico (CDMX): recorrieron en Turib\u00fas algunos de los principales atractivos de la capital del pa\u00eds y disfrutaron de momentos incre\u00edbles en las trajineras en Xochimilco.<\/p>\n\n\n\n<p>De manera simult\u00e1nea, llegaron a Tlaxcala 80 personas provenientes de la CDMX, quienes visitaron la zona arqueol\u00f3gica de Cacaxtla, adem\u00e1s de recorrer otros sitios emblem\u00e1ticos del estado.<\/p>\n\n\n\n<p>El banderazo de salida para los tlaxcaltecas que acudieron a la CDMX, estuvo a cargo del titular de la Secretar\u00eda de Turismo del Estado (Secture), Fabricio Mena Rodr\u00edguez, quien explic\u00f3 que este programa ofrece viajes tur\u00edsticos para adultos mayores y personas en situaci\u00f3n de vulnerabilidad a diversos destinos.<\/p>\n\n\n\n<p>\u201cEl objetivo del programa es democratizar el acceso al turismo, permitiendo que personas, conozcan el patrimonio cultural y natural de M\u00e9xico, incluyendo Tlaxcala. &#8220;&#8216;Colibr\u00ed Viajero&#8217; busca promover el turismo social y el bienestar a trav\u00e9s de actividades recreativas y tur\u00edsticas\u201d, enfatiz\u00f3.<\/p>\n\n\n\n<p>El titular de la Secture detall\u00f3 que los 80 visitantes provenientes de la CDMX \u201ctendr\u00e1n una estancia de dos d\u00edas y recorrer\u00e1n las principales zonas tur\u00edsticas de Tlaxcala, su patrimonio arquitect\u00f3nico y religioso; degustar\u00e1n nuestra gastronom\u00eda y se alojar\u00e1n en el hotel San Francisco, en el Centro Hist\u00f3rico\u201d, detall\u00f3.<\/p>\n\n\n\n<p>Mena Rodr\u00edguez mencion\u00f3 que la iniciativa se lleva a cabo a partir de la firma de la Alianza Metropolitana de Turismo Social, desarrollada en el marco del Tianguis Tur\u00edstico 2025 por las Secretar\u00edas de Turismo de los estados, la cual promueve opciones de turismo social con visitas rec\u00edprocas de adultos mayores entre la Ciudad de M\u00e9xico y el estado de Tlaxcala.<\/p>\n","protected":false},"excerpt":{"rendered":"<p>\u2022A trav\u00e9s de una alianza con la CDMX, se promueven visitas de adultos mayores y personas en situaci\u00f3n de vulnerabilidad entre ambas entidades Como resultado de la Alianza Metropolitana de Turismo Social integrada por los estados del Centro del pa\u00eds, se impulsa el programa estrat\u00e9gico \u201cColibr\u00ed Viajero\u201d, a trav\u00e9s del cual 40 adultos mayores de [&hellip;]<\/p>\n","protected":false},"author":4,"featured_media":97806,"comment_status":"open","ping_status":"open","sticky":false,"template":"","format":"standard","meta":{"om_disable_all_campaigns":false,"_monsterinsights_skip_tracking":false,"_monsterinsights_sitenote_active":false,"_monsterinsights_sitenote_note":"","_monsterinsights_sitenote_category":0,"jnews-multi-image_gallery":[],"jnews_single_post":{"format":"standard"},"jnews_primary_category":[],"footnotes":""},"categories":[1],"tags":[],"class_list":["post-97805","post","type-post","status-publish","format-standard","has-post-thumbnail","hentry","category-uncategorized"],"aioseo_notices":[],"_links":{"self":[{"href":"https:\/\/estado29.mx\/index.php?rest_route=\/wp\/v2\/posts\/97805","targetHints":{"allow":["GET"]}}],"collection":[{"href":"https:\/\/estado29.mx\/index.php?rest_route=\/wp\/v2\/posts"}],"about":[{"href":"https:\/\/estado29.mx\/index.php?rest_route=\/wp\/v2\/types\/post"}],"author":[{"embeddable":true,"href":"https:\/\/estado29.mx\/index.php?rest_route=\/wp\/v2\/users\/4"}],"replies":[{"embeddable":true,"href":"https:\/\/estado29.mx\/index.php?rest_route=%2Fwp%2Fv2%2Fcomments&post=97805"}],"version-history":[{"count":1,"href":"https:\/\/estado29.mx\/index.php?rest_route=\/wp\/v2\/posts\/97805\/revisions"}],"predecessor-version":[{"id":97807,"href":"https:\/\/estado29.mx\/index.php?rest_route=\/wp\/v2\/posts\/97805\/revisions\/97807"}],"wp:featuredmedia":[{"embeddable":true,"href":"https:\/\/estado29.mx\/index.php?rest_route=\/wp\/v2\/media\/97806"}],"wp:attachment":[{"href":"https:\/\/estado29.mx\/index.php?rest_route=%2Fwp%2Fv2%2Fmedia&parent=97805"}],"wp:term":[{"taxonomy":"category","embeddable":true,"href":"https:\/\/estado29.mx\/index.php?rest_route=%2Fwp%2Fv2%2Fcategories&post=97805"},{"taxonomy":"post_tag","embeddable":true,"href":"https:\/\/estado29.mx\/index.php?rest_route=%2Fwp%2Fv2%2Ftags&post=97805"}],"curies":[{"name":"wp","href":"https:\/\/api.w.org\/{rel}","templated":true}]}}