{"id":97858,"date":"2025-08-01T13:24:40","date_gmt":"2025-08-01T13:24:40","guid":{"rendered":"https:\/\/estado29.mx\/?p=97858"},"modified":"2025-08-01T13:24:41","modified_gmt":"2025-08-01T13:24:41","slug":"sedif-y-sia-entregan-apoyos-a-poblacion-vulnerable-para-fortalecer-seguridad-alimentaria","status":"publish","type":"post","link":"https:\/\/estado29.mx\/?p=97858","title":{"rendered":"SEDIF y SIA entregan apoyos a poblaci\u00f3n vulnerable para fortalecer seguridad alimentaria"},"content":{"rendered":"\n<p><\/p>\n\n\n\n<p>\u2022Adultos mayores y personas con discapacidad de ocho municipios recibieron paquetes de aves de postura y conejos<\/p>\n\n\n\n<p>En un esfuerzo conjunto por fortalecer el autoconsumo, la seguridad alimentaria y el ingreso familiar, el Sistema Estatal para el Desarrollo Integral de la Familia (SEDIF) y la Secretar\u00eda de Impulso Agropecuario (SIA) entregaron 39 paquetes productivos de especies menores a personas adultas mayores y con discapacidad de ocho municipios.<\/p>\n\n\n\n<p>En el Centro de Capacitaci\u00f3n para Personas con Discapacidad (CecapDIF), la presidenta honor\u00edfica del SEDIF, Mariana Espinosa de los Monteros Cu\u00e9llar; y el titular de la SIA, Jos\u00e9 de Jes\u00fas Rafael de la Pe\u00f1a Bernal, encabezaron la entrega de apoyos a beneficiarios de los municipios de Chiautempan, Panotla, Tlaxco, Atlangatepec, Tetlatlahuca, Contla, Texoloc y Atltzayanca.<\/p>\n\n\n\n<p>La presidenta honor\u00edfica del SEDIF explic\u00f3 que este programa tiene como objetivo brindar apoyo a las familias tlaxcaltecas mediante la entrega de paquetes de aves de postura y conejos que les permitan mejorar su dieta alimenticia y fortalecer su econom\u00eda familiar.<\/p>\n\n\n\n<p>\u201cLa focalizaci\u00f3n de las personas beneficiarias se realiza a trav\u00e9s del trabajo coordinado con los DIF municipales, y estas acciones representan una verdadera oportunidad de transformaci\u00f3n para las personas con discapacidad y adultos mayores, al ofrecerles herramientas reales para salir adelante con dignidad y esperanza\u201d, afirm\u00f3.<\/p>\n\n\n\n<p>Mariana Espinosa de los Monteros Cu\u00e9llar reiter\u00f3 el respaldo del SEDIF y las dependencias estatales a tlaxcaltecas en condici\u00f3n vulnerable, y destac\u00f3 que la entrega de estos paquetes \u201ces una peque\u00f1a muestra de lo que se puede hacer en equipo, y lo que ustedes pueden lograr desde casa, ya que, con el cuidado adecuado, pueden hacer que se multipliquen estos apoyos\u201d.<\/p>\n\n\n\n<p>Finalmente, se hizo un llamado a las y los beneficiarios a aprovechar al m\u00e1ximo los insumos recibidos, tras recordar que son el motor del desarrollo comunitario y que cuentan con el acompa\u00f1amiento institucional para continuar construyendo un Tlaxcala m\u00e1s justo, productivo e incluyente.<\/p>\n","protected":false},"excerpt":{"rendered":"<p>\u2022Adultos mayores y personas con discapacidad de ocho municipios recibieron paquetes de aves de postura y conejos En un esfuerzo conjunto por fortalecer el autoconsumo, la seguridad alimentaria y el ingreso familiar, el Sistema Estatal para el Desarrollo Integral de la Familia (SEDIF) y la Secretar\u00eda de Impulso Agropecuario (SIA) entregaron 39 paquetes productivos de [&hellip;]<\/p>\n","protected":false},"author":4,"featured_media":97859,"comment_status":"open","ping_status":"open","sticky":false,"template":"","format":"standard","meta":{"om_disable_all_campaigns":false,"_monsterinsights_skip_tracking":false,"_monsterinsights_sitenote_active":false,"_monsterinsights_sitenote_note":"","_monsterinsights_sitenote_category":0,"jnews-multi-image_gallery":[],"jnews_single_post":{"format":"standard"},"jnews_primary_category":[],"footnotes":""},"categories":[1],"tags":[],"class_list":["post-97858","post","type-post","status-publish","format-standard","has-post-thumbnail","hentry","category-uncategorized"],"aioseo_notices":[],"_links":{"self":[{"href":"https:\/\/estado29.mx\/index.php?rest_route=\/wp\/v2\/posts\/97858","targetHints":{"allow":["GET"]}}],"collection":[{"href":"https:\/\/estado29.mx\/index.php?rest_route=\/wp\/v2\/posts"}],"about":[{"href":"https:\/\/estado29.mx\/index.php?rest_route=\/wp\/v2\/types\/post"}],"author":[{"embeddable":true,"href":"https:\/\/estado29.mx\/index.php?rest_route=\/wp\/v2\/users\/4"}],"replies":[{"embeddable":true,"href":"https:\/\/estado29.mx\/index.php?rest_route=%2Fwp%2Fv2%2Fcomments&post=97858"}],"version-history":[{"count":1,"href":"https:\/\/estado29.mx\/index.php?rest_route=\/wp\/v2\/posts\/97858\/revisions"}],"predecessor-version":[{"id":97860,"href":"https:\/\/estado29.mx\/index.php?rest_route=\/wp\/v2\/posts\/97858\/revisions\/97860"}],"wp:featuredmedia":[{"embeddable":true,"href":"https:\/\/estado29.mx\/index.php?rest_route=\/wp\/v2\/media\/97859"}],"wp:attachment":[{"href":"https:\/\/estado29.mx\/index.php?rest_route=%2Fwp%2Fv2%2Fmedia&parent=97858"}],"wp:term":[{"taxonomy":"category","embeddable":true,"href":"https:\/\/estado29.mx\/index.php?rest_route=%2Fwp%2Fv2%2Fcategories&post=97858"},{"taxonomy":"post_tag","embeddable":true,"href":"https:\/\/estado29.mx\/index.php?rest_route=%2Fwp%2Fv2%2Ftags&post=97858"}],"curies":[{"name":"wp","href":"https:\/\/api.w.org\/{rel}","templated":true}]}}