{"id":97861,"date":"2025-08-02T04:57:57","date_gmt":"2025-08-02T04:57:57","guid":{"rendered":"https:\/\/estado29.mx\/?p=97861"},"modified":"2025-08-02T05:24:04","modified_gmt":"2025-08-02T05:24:04","slug":"realizan-cambio-del-vestido-de-la-virgen-de-la-caridad-de-la-corrida-de-las-luces","status":"publish","type":"post","link":"https:\/\/estado29.mx\/?p=97861","title":{"rendered":"Realizan cambio del vestido de la Virgen de la Caridad utilizada para la corrida de las luces."},"content":{"rendered":"\n<p>Paco Ugarte.<\/p>\n\n\n\n<p>Este d\u00eda se realiz\u00f3 el cambio del vestido de la Virgen de la Caridad de la corrida de las luces la cual se efect\u00faa el 14 de agosto en la plaza de toros la taurina.<\/p>\n\n\n\n<p>Uriel Morales, organizador del evento, se\u00f1al\u00f3 que el se\u00f1or Alfonso L\u00f3pez Garc\u00eda fue el encargado de donar la vestimenta de la Virgen de la Caridad, manto, vestido , ropa interior, corona, entre otros aditamentos.<\/p>\n\n\n\n<p>Adem\u00e1s agradeci\u00f3 a otras personas quienes tambi\u00e9n apoyaron, con el perfume, anillo, joyer\u00eda, una divisa taurina se\u00f1a particular que distingue a la imagen para los eventos de tauromaquia.<\/p>\n\n\n\n<p>Tambi\u00e9n caracteriza un pa\u00f1uelo que fue donado, tras haber adquirirlo en Pamplona, Espa\u00f1a, en color rojo con el bordado de San Fermin.<\/p>\n\n\n\n<p>Cabe mencionar que la Virgen que se encuentra en una de las salas del Museo Taurino, no hab\u00eda cambiado de vestimenta desde el 2022, por lo que se pretende que a\u00f1o con a\u00f1o, se realice este cambio, principalmente a d\u00edas de la corrida de las luces.<\/p>\n\n\n\n<p>Finalmente Uriel Morales, se\u00f1al\u00f3 que cada 15 de cada mes realizan la tradicional bajada, por lo que invit\u00f3 a la ciudadan\u00eda a disfrutar de este espacio de fe y devoci\u00f3n.<\/p>\n","protected":false},"excerpt":{"rendered":"<p>Paco Ugarte. Este d\u00eda se realiz\u00f3 el cambio del vestido de la Virgen de la Caridad de la corrida de las luces la cual se efect\u00faa el 14 de agosto en la plaza de toros la taurina. Uriel Morales, organizador del evento, se\u00f1al\u00f3 que el se\u00f1or Alfonso L\u00f3pez Garc\u00eda fue el encargado de donar la [&hellip;]<\/p>\n","protected":false},"author":5,"featured_media":97862,"comment_status":"open","ping_status":"open","sticky":false,"template":"","format":"standard","meta":{"om_disable_all_campaigns":false,"_monsterinsights_skip_tracking":false,"_monsterinsights_sitenote_active":false,"_monsterinsights_sitenote_note":"","_monsterinsights_sitenote_category":0,"jnews-multi-image_gallery":[],"jnews_single_post":{"format":"standard"},"jnews_primary_category":[],"footnotes":""},"categories":[1],"tags":[],"class_list":["post-97861","post","type-post","status-publish","format-standard","has-post-thumbnail","hentry","category-uncategorized"],"aioseo_notices":[],"_links":{"self":[{"href":"https:\/\/estado29.mx\/index.php?rest_route=\/wp\/v2\/posts\/97861","targetHints":{"allow":["GET"]}}],"collection":[{"href":"https:\/\/estado29.mx\/index.php?rest_route=\/wp\/v2\/posts"}],"about":[{"href":"https:\/\/estado29.mx\/index.php?rest_route=\/wp\/v2\/types\/post"}],"author":[{"embeddable":true,"href":"https:\/\/estado29.mx\/index.php?rest_route=\/wp\/v2\/users\/5"}],"replies":[{"embeddable":true,"href":"https:\/\/estado29.mx\/index.php?rest_route=%2Fwp%2Fv2%2Fcomments&post=97861"}],"version-history":[{"count":2,"href":"https:\/\/estado29.mx\/index.php?rest_route=\/wp\/v2\/posts\/97861\/revisions"}],"predecessor-version":[{"id":97864,"href":"https:\/\/estado29.mx\/index.php?rest_route=\/wp\/v2\/posts\/97861\/revisions\/97864"}],"wp:featuredmedia":[{"embeddable":true,"href":"https:\/\/estado29.mx\/index.php?rest_route=\/wp\/v2\/media\/97862"}],"wp:attachment":[{"href":"https:\/\/estado29.mx\/index.php?rest_route=%2Fwp%2Fv2%2Fmedia&parent=97861"}],"wp:term":[{"taxonomy":"category","embeddable":true,"href":"https:\/\/estado29.mx\/index.php?rest_route=%2Fwp%2Fv2%2Fcategories&post=97861"},{"taxonomy":"post_tag","embeddable":true,"href":"https:\/\/estado29.mx\/index.php?rest_route=%2Fwp%2Fv2%2Ftags&post=97861"}],"curies":[{"name":"wp","href":"https:\/\/api.w.org\/{rel}","templated":true}]}}