{"id":97865,"date":"2025-08-02T05:58:35","date_gmt":"2025-08-02T05:58:35","guid":{"rendered":"https:\/\/estado29.mx\/?p=97865"},"modified":"2025-08-02T05:58:35","modified_gmt":"2025-08-02T05:58:35","slug":"con-fe-y-devocion-locatarios-del-mercado-municipal-festejan-a-la-virgen-de-la-caridad-en-huamantla","status":"publish","type":"post","link":"https:\/\/estado29.mx\/?p=97865","title":{"rendered":"Con fe y devoci\u00f3n locatarios del mercado municipal festejan a la Virgen de la Caridad en Huamantla."},"content":{"rendered":"\n<p>Paco Ugarte.<\/p>\n\n\n\n<p>Este d\u00eda, locatarios del mercado municipal de Huamantla, festejaron un aniversario m\u00e1s de realizar sus actividades comerciales.<\/p>\n\n\n\n<p>Locatarios, realizaron un tapete de aserr\u00edn de distintos colores frente a la capilla en donde se encuentra la Virgen de la Asunci\u00f3n, una r\u00e9plica como la que se encuentra en el atrio de la Bas\u00edlica de la Caridad.<\/p>\n\n\n\n<p>Tras la celebraci\u00f3n religiosa, locatarios convivieron repartiendo distintos platillos, agradeciendo el trabajo y sobre todo la facilidad de desarrollar sus actividades comerciales.<\/p>\n\n\n\n<p>Finalmente se cont\u00f3 con la participaci\u00f3n de un grupo musical para amenizar un momento, se\u00f1alando contin\u00faan con esta costumbre.<\/p>\n","protected":false},"excerpt":{"rendered":"<p>Paco Ugarte. Este d\u00eda, locatarios del mercado municipal de Huamantla, festejaron un aniversario m\u00e1s de realizar sus actividades comerciales. Locatarios, realizaron un tapete de aserr\u00edn de distintos colores frente a la capilla en donde se encuentra la Virgen de la Asunci\u00f3n, una r\u00e9plica como la que se encuentra en el atrio de la Bas\u00edlica de [&hellip;]<\/p>\n","protected":false},"author":5,"featured_media":97866,"comment_status":"open","ping_status":"open","sticky":false,"template":"","format":"standard","meta":{"om_disable_all_campaigns":false,"_monsterinsights_skip_tracking":false,"_monsterinsights_sitenote_active":false,"_monsterinsights_sitenote_note":"","_monsterinsights_sitenote_category":0,"jnews-multi-image_gallery":[],"jnews_single_post":{"format":"standard"},"jnews_primary_category":[],"footnotes":""},"categories":[1],"tags":[],"class_list":["post-97865","post","type-post","status-publish","format-standard","has-post-thumbnail","hentry","category-uncategorized"],"aioseo_notices":[],"_links":{"self":[{"href":"https:\/\/estado29.mx\/index.php?rest_route=\/wp\/v2\/posts\/97865","targetHints":{"allow":["GET"]}}],"collection":[{"href":"https:\/\/estado29.mx\/index.php?rest_route=\/wp\/v2\/posts"}],"about":[{"href":"https:\/\/estado29.mx\/index.php?rest_route=\/wp\/v2\/types\/post"}],"author":[{"embeddable":true,"href":"https:\/\/estado29.mx\/index.php?rest_route=\/wp\/v2\/users\/5"}],"replies":[{"embeddable":true,"href":"https:\/\/estado29.mx\/index.php?rest_route=%2Fwp%2Fv2%2Fcomments&post=97865"}],"version-history":[{"count":1,"href":"https:\/\/estado29.mx\/index.php?rest_route=\/wp\/v2\/posts\/97865\/revisions"}],"predecessor-version":[{"id":97867,"href":"https:\/\/estado29.mx\/index.php?rest_route=\/wp\/v2\/posts\/97865\/revisions\/97867"}],"wp:featuredmedia":[{"embeddable":true,"href":"https:\/\/estado29.mx\/index.php?rest_route=\/wp\/v2\/media\/97866"}],"wp:attachment":[{"href":"https:\/\/estado29.mx\/index.php?rest_route=%2Fwp%2Fv2%2Fmedia&parent=97865"}],"wp:term":[{"taxonomy":"category","embeddable":true,"href":"https:\/\/estado29.mx\/index.php?rest_route=%2Fwp%2Fv2%2Fcategories&post=97865"},{"taxonomy":"post_tag","embeddable":true,"href":"https:\/\/estado29.mx\/index.php?rest_route=%2Fwp%2Fv2%2Ftags&post=97865"}],"curies":[{"name":"wp","href":"https:\/\/api.w.org\/{rel}","templated":true}]}}