{"id":97869,"date":"2025-08-03T02:47:42","date_gmt":"2025-08-03T02:47:42","guid":{"rendered":"https:\/\/estado29.mx\/?p=97869"},"modified":"2025-08-03T02:47:42","modified_gmt":"2025-08-03T02:47:42","slug":"percance-entre-un-vehiculo-y-motoneta-deja-un-lesionado-en-huamantla","status":"publish","type":"post","link":"https:\/\/estado29.mx\/?p=97869","title":{"rendered":"Percance entre un veh\u00edculo y motoneta deja un lesionado en Huamantla."},"content":{"rendered":"\n<p>Paco Ugarte.&nbsp;<\/p>\n\n\n\n<p>Durante la tarde de este s\u00e1bado, se registr\u00f3 un percance entre dos unidades, una motoneta y un veh\u00edculo jetta en color gris, ambos con matr\u00edculas del estado de Tlaxcala.&nbsp;<\/p>\n\n\n\n<p>Los hechos se registraron sobre la calle Reforma, entre Morelos e Hidalgo de Huamantla, cuando un veh\u00edculo impact\u00f3 al conductor de una una motoneta.<\/p>\n\n\n\n<p>Derivado del percance el conductor de la unidad de dos ruedas, recibi\u00f3 un fuerte impacto a la altura de la cabeza, por lo que fue valorado por param\u00e9dicos de Protecci\u00f3n Civil.&nbsp;<\/p>\n\n\n\n<p>Ambas unidades fueron puestas a disposici\u00f3n a fin de que las autoridades m se encarguen de fincar o deslindar responsabilidades .&nbsp;<\/p>\n","protected":false},"excerpt":{"rendered":"<p>Paco Ugarte.&nbsp; Durante la tarde de este s\u00e1bado, se registr\u00f3 un percance entre dos unidades, una motoneta y un veh\u00edculo jetta en color gris, ambos con matr\u00edculas del estado de Tlaxcala.&nbsp; Los hechos se registraron sobre la calle Reforma, entre Morelos e Hidalgo de Huamantla, cuando un veh\u00edculo impact\u00f3 al conductor de una una motoneta. [&hellip;]<\/p>\n","protected":false},"author":5,"featured_media":97870,"comment_status":"open","ping_status":"open","sticky":false,"template":"","format":"standard","meta":{"om_disable_all_campaigns":false,"_monsterinsights_skip_tracking":false,"_monsterinsights_sitenote_active":false,"_monsterinsights_sitenote_note":"","_monsterinsights_sitenote_category":0,"jnews-multi-image_gallery":[],"jnews_single_post":{"format":"standard"},"jnews_primary_category":[],"footnotes":""},"categories":[1],"tags":[],"class_list":["post-97869","post","type-post","status-publish","format-standard","has-post-thumbnail","hentry","category-uncategorized"],"aioseo_notices":[],"_links":{"self":[{"href":"https:\/\/estado29.mx\/index.php?rest_route=\/wp\/v2\/posts\/97869","targetHints":{"allow":["GET"]}}],"collection":[{"href":"https:\/\/estado29.mx\/index.php?rest_route=\/wp\/v2\/posts"}],"about":[{"href":"https:\/\/estado29.mx\/index.php?rest_route=\/wp\/v2\/types\/post"}],"author":[{"embeddable":true,"href":"https:\/\/estado29.mx\/index.php?rest_route=\/wp\/v2\/users\/5"}],"replies":[{"embeddable":true,"href":"https:\/\/estado29.mx\/index.php?rest_route=%2Fwp%2Fv2%2Fcomments&post=97869"}],"version-history":[{"count":1,"href":"https:\/\/estado29.mx\/index.php?rest_route=\/wp\/v2\/posts\/97869\/revisions"}],"predecessor-version":[{"id":97871,"href":"https:\/\/estado29.mx\/index.php?rest_route=\/wp\/v2\/posts\/97869\/revisions\/97871"}],"wp:featuredmedia":[{"embeddable":true,"href":"https:\/\/estado29.mx\/index.php?rest_route=\/wp\/v2\/media\/97870"}],"wp:attachment":[{"href":"https:\/\/estado29.mx\/index.php?rest_route=%2Fwp%2Fv2%2Fmedia&parent=97869"}],"wp:term":[{"taxonomy":"category","embeddable":true,"href":"https:\/\/estado29.mx\/index.php?rest_route=%2Fwp%2Fv2%2Fcategories&post=97869"},{"taxonomy":"post_tag","embeddable":true,"href":"https:\/\/estado29.mx\/index.php?rest_route=%2Fwp%2Fv2%2Ftags&post=97869"}],"curies":[{"name":"wp","href":"https:\/\/api.w.org\/{rel}","templated":true}]}}