{"id":97890,"date":"2025-08-04T16:02:33","date_gmt":"2025-08-04T16:02:33","guid":{"rendered":"https:\/\/estado29.mx\/?p=97890"},"modified":"2025-08-04T16:02:34","modified_gmt":"2025-08-04T16:02:34","slug":"motociclista-mu3r3-en-xaloztoc-tras-ser-atr0p3ll4d0-el-responsable-huye","status":"publish","type":"post","link":"https:\/\/estado29.mx\/?p=97890","title":{"rendered":"Motociclista mu3r3 en Xaloztoc tras ser atr0p3ll4d0; el responsable huye"},"content":{"rendered":"\n<p>Un motociclista de aproximadamente 25 a\u00f1os, perdi\u00f3 la vida la noche de este domingo en la carretera M\u00e9xico-Veracruz, a la altura de la comunidad de San Pedro Tlacotepec, en Xaloztoc. La v\u00edctima fue 4tr0p3ll4d4 por un veh\u00edculo cuyo conductor se dio a la fuga, dejando al joven tendido sobre el asfalto.<\/p>\n\n\n\n<p>Alrededor de las 20:15 horas, m\u00faltiples llamadas de emergencia alertaron al 911 sobre el accidente, en el que un veh\u00edculo hab\u00eda impactado a un motociclista para luego escapar. Aunque se desconoce el tipo de veh\u00edculo responsable, testigos mencionaron que podr\u00eda tratarse de un cami\u00f3n.<\/p>\n\n\n\n<p>A pesar de que el 4ccid3nt3 ocurri\u00f3 en jurisdicci\u00f3n de Xaloztoc, una ambulancia de Tzompantepec fue la primera en llegar al lugar. Los param\u00e9dicos brindaron las primeras atenciones, pero lamentablemente confirmaron que la v\u00edctima ya no presentaba signos vitales.<\/p>\n\n\n\n<p>La zona con sentido a Huamantla fue acordonada por elementos de la Guardia Nacional para resguardar la escena. Posteriormente, se dio aviso a empleados de la Fiscal\u00eda General de Justicia del Estado, quienes se encargaron de realizar el levantamiento del cuerpo y de iniciar las investigaciones para dar con el responsable de este fatal accidente.<\/p>\n","protected":false},"excerpt":{"rendered":"<p>Un motociclista de aproximadamente 25 a\u00f1os, perdi\u00f3 la vida la noche de este domingo en la carretera M\u00e9xico-Veracruz, a la altura de la comunidad de San Pedro Tlacotepec, en Xaloztoc. La v\u00edctima fue 4tr0p3ll4d4 por un veh\u00edculo cuyo conductor se dio a la fuga, dejando al joven tendido sobre el asfalto. Alrededor de las 20:15 [&hellip;]<\/p>\n","protected":false},"author":5,"featured_media":97891,"comment_status":"open","ping_status":"open","sticky":false,"template":"","format":"standard","meta":{"om_disable_all_campaigns":false,"_monsterinsights_skip_tracking":false,"_monsterinsights_sitenote_active":false,"_monsterinsights_sitenote_note":"","_monsterinsights_sitenote_category":0,"jnews-multi-image_gallery":[],"jnews_single_post":{"format":"standard"},"jnews_primary_category":[],"footnotes":""},"categories":[1],"tags":[],"class_list":["post-97890","post","type-post","status-publish","format-standard","has-post-thumbnail","hentry","category-uncategorized"],"aioseo_notices":[],"_links":{"self":[{"href":"https:\/\/estado29.mx\/index.php?rest_route=\/wp\/v2\/posts\/97890","targetHints":{"allow":["GET"]}}],"collection":[{"href":"https:\/\/estado29.mx\/index.php?rest_route=\/wp\/v2\/posts"}],"about":[{"href":"https:\/\/estado29.mx\/index.php?rest_route=\/wp\/v2\/types\/post"}],"author":[{"embeddable":true,"href":"https:\/\/estado29.mx\/index.php?rest_route=\/wp\/v2\/users\/5"}],"replies":[{"embeddable":true,"href":"https:\/\/estado29.mx\/index.php?rest_route=%2Fwp%2Fv2%2Fcomments&post=97890"}],"version-history":[{"count":1,"href":"https:\/\/estado29.mx\/index.php?rest_route=\/wp\/v2\/posts\/97890\/revisions"}],"predecessor-version":[{"id":97892,"href":"https:\/\/estado29.mx\/index.php?rest_route=\/wp\/v2\/posts\/97890\/revisions\/97892"}],"wp:featuredmedia":[{"embeddable":true,"href":"https:\/\/estado29.mx\/index.php?rest_route=\/wp\/v2\/media\/97891"}],"wp:attachment":[{"href":"https:\/\/estado29.mx\/index.php?rest_route=%2Fwp%2Fv2%2Fmedia&parent=97890"}],"wp:term":[{"taxonomy":"category","embeddable":true,"href":"https:\/\/estado29.mx\/index.php?rest_route=%2Fwp%2Fv2%2Fcategories&post=97890"},{"taxonomy":"post_tag","embeddable":true,"href":"https:\/\/estado29.mx\/index.php?rest_route=%2Fwp%2Fv2%2Ftags&post=97890"}],"curies":[{"name":"wp","href":"https:\/\/api.w.org\/{rel}","templated":true}]}}